{"id":14336,"date":"2025-02-01T11:55:23","date_gmt":"2025-02-01T08:55:23","guid":{"rendered":"https:\/\/www.egemtv.com\/?p=14336"},"modified":"2025-02-01T11:55:28","modified_gmt":"2025-02-01T08:55:28","slug":"aydin-devlet-hastanesinde-ilk-kez-debranching-operasyonu-gerceklestirildi","status":"publish","type":"post","link":"https:\/\/www.egemtv.com\/?p=14336","title":{"rendered":"Ayd\u0131n Devlet Hastanesi\u2019nde ilk kez \u2019debranching\u2019 operasyonu ger\u00e7ekle\u015ftirildi"},"content":{"rendered":"<p>Ayd\u0131n Devlet Hastanesi\u2019nde ilk kez ger\u00e7ekle\u015fen \u2019debranching\u2019 operasyonu ile hasta sa\u011fl\u0131\u011f\u0131na kavu\u015ftu.<\/p>\n<p>Ayd\u0131n Devlet Hastanesi\u2019ne g\u00f6\u011f\u00fcs ve s\u0131rt a\u011fr\u0131s\u0131 \u015fikayetiyle ba\u015fvuran ve yap\u0131lan kapsaml\u0131 tetkik ve incelemeler sonucunda, \u2019Arcus ve Desenden Aort Anevrizmas\u0131\u2019 te\u015fhisi konulan 64 ya\u015f\u0131ndaki hasta Ayd\u0131n Devlet Hastanesi\u2019nde ilk kez ger\u00e7ekle\u015ftirilen ve ba\u015far\u0131l\u0131 bir \u015fekilde uygulanan \u2019debranching\u2019 operasyonu y\u00f6ntemi ile sa\u011fl\u0131\u011f\u0131na kavu\u015ftu.<\/p>\n<p>Operasyonu ger\u00e7ekle\u015ftiren Hekimler Kalp Damar Cerrahisi Uzman\u0131 Op. Dr. Mehmet Bozkurt ve Op. Dr. Murat Arpaz yapt\u0131klar\u0131 a\u00e7\u0131klamada, halk aras\u0131nda aort damar geni\u015flemesi olarak bilinen bu hastal\u0131\u011f\u0131n, geni\u015flemenin bulundu\u011fu b\u00f6lge nedeniyle \u00f6zellikli bir operasyon gerektirdi\u011fini ve bu nedenle hastan\u0131n mevcut olan aort geni\u015flemesine, ameliyats\u0131z ger\u00e7ekle\u015ftirilen anjiyo ile stent i\u015flemi uygulamas\u0131ndan \u00f6nce aort \u00fczerinden \u00e7\u0131kan, beynimizi ve kolumuzu besleyen damarlar\u0131n yerlerinin debranching operasyonu ile de\u011fi\u015ftirildi\u011fin belirtti.<\/p>\n<p>Hastaya, Ayd\u0131n Devlet Hastanesi Ba\u015fhekimi Prof. Dr. G\u00fclnur Ta\u015f\u00e7\u0131 Bozba\u015f ve hastane y\u00f6neticileri ge\u00e7mi\u015f olsun ziyaretinde bulundu. Hekimlerin ba\u015far\u0131l\u0131 \u00e7al\u0131\u015fmalar\u0131n\u0131n artarak devam edece\u011fini belirten Ba\u015fhekim Bozba\u015f, Kalp Damar Cerrahisi Uzman\u0131 Hekimler ve eme\u011fi ge\u00e7en personellere te\u015fekk\u00fcr etti.<br \/><\/p>\n","protected":false},"excerpt":{"rendered":"<p>Ayd\u0131n Devlet Hastanesi\u2019nde ilk kez ger\u00e7ekle\u015fen \u2019debranching\u2019 operasyonu ile hasta sa\u011fl\u0131\u011f\u0131na kavu\u015ftu. Ayd\u0131n Devlet Hastanesi\u2019ne g\u00f6\u011f\u00fcs ve s\u0131rt a\u011fr\u0131s\u0131 \u015fikayetiyle ba\u015fvuran ve yap\u0131lan kapsaml\u0131 tetkik ve incelemeler sonucunda, \u2019Arcus ve Desenden Aort Anevrizmas\u0131\u2019 te\u015fhisi konulan 64 ya\u015f\u0131ndaki hasta Ayd\u0131n Devlet Hastanesi\u2019nde ilk kez ger\u00e7ekle\u015ftirilen ve ba\u015far\u0131l\u0131 bir \u015fekilde uygulanan \u2019debranching\u2019 operasyonu y\u00f6ntemi ile sa\u011fl\u0131\u011f\u0131na kavu\u015ftu&#8230;.<\/p>\n","protected":false},"author":1,"featured_media":14337,"comment_status":"open","ping_status":"open","sticky":false,"template":"","format":"standard","meta":{"_crdt_document":"","footnotes":""},"categories":[2],"tags":[],"class_list":["post-14336","post","type-post","status-publish","format-standard","has-post-thumbnail","hentry","category-saglik"],"_links":{"self":[{"href":"https:\/\/www.egemtv.com\/index.php?rest_route=\/wp\/v2\/posts\/14336","targetHints":{"allow":["GET"]}}],"collection":[{"href":"https:\/\/www.egemtv.com\/index.php?rest_route=\/wp\/v2\/posts"}],"about":[{"href":"https:\/\/www.egemtv.com\/index.php?rest_route=\/wp\/v2\/types\/post"}],"author":[{"embeddable":true,"href":"https:\/\/www.egemtv.com\/index.php?rest_route=\/wp\/v2\/users\/1"}],"replies":[{"embeddable":true,"href":"https:\/\/www.egemtv.com\/index.php?rest_route=%2Fwp%2Fv2%2Fcomments&post=14336"}],"version-history":[{"count":1,"href":"https:\/\/www.egemtv.com\/index.php?rest_route=\/wp\/v2\/posts\/14336\/revisions"}],"predecessor-version":[{"id":14338,"href":"https:\/\/www.egemtv.com\/index.php?rest_route=\/wp\/v2\/posts\/14336\/revisions\/14338"}],"wp:featuredmedia":[{"embeddable":true,"href":"https:\/\/www.egemtv.com\/index.php?rest_route=\/wp\/v2\/media\/14337"}],"wp:attachment":[{"href":"https:\/\/www.egemtv.com\/index.php?rest_route=%2Fwp%2Fv2%2Fmedia&parent=14336"}],"wp:term":[{"taxonomy":"category","embeddable":true,"href":"https:\/\/www.egemtv.com\/index.php?rest_route=%2Fwp%2Fv2%2Fcategories&post=14336"},{"taxonomy":"post_tag","embeddable":true,"href":"https:\/\/www.egemtv.com\/index.php?rest_route=%2Fwp%2Fv2%2Ftags&post=14336"}],"curies":[{"name":"wp","href":"https:\/\/api.w.org\/{rel}","templated":true}]}}