{"id":14333,"date":"2025-02-01T11:49:05","date_gmt":"2025-02-01T08:49:05","guid":{"rendered":"https:\/\/www.egemtv.com\/?p=14333"},"modified":"2025-02-01T11:49:09","modified_gmt":"2025-02-01T08:49:09","slug":"muglaspor-tire-karsilasmasinda-3-puan-hedefliyor","status":"publish","type":"post","link":"https:\/\/www.egemtv.com\/?p=14333","title":{"rendered":"Mu\u011flaspor, Tire kar\u015f\u0131la\u015fmas\u0131nda 3 puan hedefliyor"},"content":{"rendered":"<p>Mu\u011flaspor, 2 \u015eubat 2025 Pazar g\u00fcn\u00fc Tire Futbol Kul\u00fcb\u00fc ile Mu\u011fla Atat\u00fcrk Stadyumu\u2019nda kar\u015f\u0131 kar\u015f\u0131ya gelecek. Mu\u011flaspor kendi sahas\u0131nda oynayaca\u011f\u0131 kar\u015f\u0131la\u015fmadan 3 puanla ayr\u0131lmay\u0131 hedefliyor.<\/p>\n<p>Ligde \u00e7\u0131k\u0131\u015f\u0131n\u0131 s\u00fcrd\u00fcrmek isteyen Mu\u011flaspor, teknik ekip ve oyuncular\u0131yla zorlu ma\u00e7 i\u00e7in haz\u0131rl\u0131klar\u0131n\u0131 tamamlad\u0131. Taraftarlar da tak\u0131ma olan desteklerini g\u00f6stermeye devam ediyor. Mu\u011fla 48 Gen\u00e7lik Taraftarlar Derne\u011fi Ba\u015fkan\u0131 Ceyhun Ayd\u0131nl\u0131, tak\u0131ma destek mesaj\u0131 vererek \u015funlar\u0131 s\u00f6yledi: &#8220;Mu\u011flaspor\u2019a kendi sahas\u0131nda oynayaca\u011f\u0131 Tire kar\u015f\u0131la\u015fmas\u0131nda ba\u015far\u0131lar dileriz. Biz 48 Gen\u00e7lik olarak tak\u0131m\u0131m\u0131z\u0131n daima arkas\u0131nday\u0131z. \u0130n\u015fallah bu zorlu ma\u00e7\u0131 3 puanla tamamlayaca\u011f\u0131z&#8221; dedi.<br \/><\/p>\n","protected":false},"excerpt":{"rendered":"<p>Mu\u011flaspor, 2 \u015eubat 2025 Pazar g\u00fcn\u00fc Tire Futbol Kul\u00fcb\u00fc ile Mu\u011fla Atat\u00fcrk Stadyumu\u2019nda kar\u015f\u0131 kar\u015f\u0131ya gelecek. Mu\u011flaspor kendi sahas\u0131nda oynayaca\u011f\u0131 kar\u015f\u0131la\u015fmadan 3 puanla ayr\u0131lmay\u0131 hedefliyor. Ligde \u00e7\u0131k\u0131\u015f\u0131n\u0131 s\u00fcrd\u00fcrmek isteyen Mu\u011flaspor, teknik ekip ve oyuncular\u0131yla zorlu ma\u00e7 i\u00e7in haz\u0131rl\u0131klar\u0131n\u0131 tamamlad\u0131. Taraftarlar da tak\u0131ma olan desteklerini g\u00f6stermeye devam ediyor. Mu\u011fla 48 Gen\u00e7lik Taraftarlar Derne\u011fi Ba\u015fkan\u0131 Ceyhun Ayd\u0131nl\u0131,&#8230;<\/p>\n","protected":false},"author":1,"featured_media":14334,"comment_status":"open","ping_status":"open","sticky":false,"template":"","format":"standard","meta":{"_crdt_document":"","footnotes":""},"categories":[4],"tags":[],"class_list":["post-14333","post","type-post","status-publish","format-standard","has-post-thumbnail","hentry","category-spor"],"_links":{"self":[{"href":"https:\/\/www.egemtv.com\/index.php?rest_route=\/wp\/v2\/posts\/14333","targetHints":{"allow":["GET"]}}],"collection":[{"href":"https:\/\/www.egemtv.com\/index.php?rest_route=\/wp\/v2\/posts"}],"about":[{"href":"https:\/\/www.egemtv.com\/index.php?rest_route=\/wp\/v2\/types\/post"}],"author":[{"embeddable":true,"href":"https:\/\/www.egemtv.com\/index.php?rest_route=\/wp\/v2\/users\/1"}],"replies":[{"embeddable":true,"href":"https:\/\/www.egemtv.com\/index.php?rest_route=%2Fwp%2Fv2%2Fcomments&post=14333"}],"version-history":[{"count":1,"href":"https:\/\/www.egemtv.com\/index.php?rest_route=\/wp\/v2\/posts\/14333\/revisions"}],"predecessor-version":[{"id":14335,"href":"https:\/\/www.egemtv.com\/index.php?rest_route=\/wp\/v2\/posts\/14333\/revisions\/14335"}],"wp:featuredmedia":[{"embeddable":true,"href":"https:\/\/www.egemtv.com\/index.php?rest_route=\/wp\/v2\/media\/14334"}],"wp:attachment":[{"href":"https:\/\/www.egemtv.com\/index.php?rest_route=%2Fwp%2Fv2%2Fmedia&parent=14333"}],"wp:term":[{"taxonomy":"category","embeddable":true,"href":"https:\/\/www.egemtv.com\/index.php?rest_route=%2Fwp%2Fv2%2Fcategories&post=14333"},{"taxonomy":"post_tag","embeddable":true,"href":"https:\/\/www.egemtv.com\/index.php?rest_route=%2Fwp%2Fv2%2Ftags&post=14333"}],"curies":[{"name":"wp","href":"https:\/\/api.w.org\/{rel}","templated":true}]}}