{"id":14330,"date":"2025-02-01T11:37:51","date_gmt":"2025-02-01T08:37:51","guid":{"rendered":"https:\/\/www.egemtv.com\/?p=14330"},"modified":"2025-02-01T11:37:56","modified_gmt":"2025-02-01T08:37:56","slug":"unutulmaya-yuz-tutmus-gelenek-yillar-sonra-yeniden-canlandi","status":"publish","type":"post","link":"https:\/\/www.egemtv.com\/?p=14330","title":{"rendered":"Unutulmaya y\u00fcz tutmu\u015f gelenek y\u0131llar sonra yeniden canland\u0131"},"content":{"rendered":"<p>Burdur\u2019un G\u00f6lhisar il\u00e7esinde d\u00fczenlenen Teke Y\u00f6resi Yaren Geceleri, y\u0131llar sonra yeniden hayat buldu. T\u00fcrk\u00fclerle dolu bu nostaljik gece, hem yerel halktan hem de yurt d\u0131\u015f\u0131ndan b\u00fcy\u00fck ilgi g\u00f6rd\u00fc.<br \/>\n<br \/>G\u00f6lhisar il\u00e7esinde, y\u0131llar \u00f6nce ba\u015flayan ve geleneksel hale gelen Teke Y\u00f6resi Yaren Geceleri, uzun bir aran\u0131n ard\u0131ndan yeniden hayat buldu. \u0130l\u00e7edeki bir kafede d\u00fczenlenen etkinlikler, s\u0131n\u0131rl\u0131 imkanlarla ge\u00e7mi\u015fin g\u00fczelliklerini geni\u015f kitlelere ula\u015ft\u0131rmaya devam ediyor. Her hafta d\u00fczenlenen etkinliklerde, Teke Y\u00f6resi\u2019nin usta sanat\u00e7\u0131lar\u0131 bir araya geliyor ve unutulmaz ezgilerle misafirleri zaman t\u00fcnelinde nostaljik bir yolculu\u011fa \u00e7\u0131kar\u0131yor. Yurt i\u00e7inden ve yurt d\u0131\u015f\u0131ndan kat\u0131l\u0131mc\u0131lar\u0131n yo\u011fun ilgi g\u00f6sterdi\u011fi gecelerde, sanat\u00e7\u0131lar sazlar\u0131yla eski bir gelene\u011fi tekrar canland\u0131r\u0131yor.<\/p>\n<p>&#8220;K\u00fclt\u00fcr\u00fcm\u00fcz\u00fc ya\u015fatmak i\u00e7in yola \u00e7\u0131kt\u0131k&#8221;<br \/>\n<br \/>Teke Y\u00f6resinin yaren geceleri hakk\u0131nda bilgi veren emekli \u00f6\u011fretmen Y\u0131lmaz Tun\u00e7, Yaren Geceleri\u2019nin tarih\u00e7esini ve \u00f6nemini; &#8220;Teke Y\u00f6resi, \u00f6zellikle Ko\u00e7a\u015f Da\u011f\u0131 eteklerinde bulunan Alt\u0131nyayla (Dirmil) ve G\u00f6lhisar il\u00e7eleriyle m\u00fczik k\u00fclt\u00fcr\u00fc a\u00e7\u0131s\u0131ndan en zengin b\u00f6lgelerden biridir. \u0130lk Yaren Gecesi\u2019ni 14 May\u0131s 2007\u2019de Halk E\u011fitimi Merkezi M\u00fcd\u00fcrl\u00fc\u011f\u00fc\u2019n\u00fcn katk\u0131lar\u0131yla ger\u00e7ekle\u015ftirmi\u015ftik. Ancak birka\u00e7 y\u0131l devam eden bu etkinlikler ne yaz\u0131k ki bir s\u00fcre sonra kesintiye u\u011frad\u0131. Bug\u00fcn ise haftada bir kez d\u00fczenledi\u011fimiz Yaren Geceleri ile bu e\u015fsiz k\u00fclt\u00fcr\u00fc yeniden ya\u015fat\u0131yoruz. Ge\u00e7en hafta G\u00f6lhisarl\u0131 Mahalli gelece\u011fe ta\u015f\u0131mak ve k\u00fclt\u00fcr varl\u0131klar\u0131m\u0131z\u0131 korumak ad\u0131na bu etkinliklere devam edece\u011fiz&#8221; diyerek anlatt\u0131.<\/p>\n<p>&#8220;Kalbim Dirmilli sanat\u00e7\u0131larla at\u0131yor&#8221;<br \/>\n<br \/>Etkinli\u011fin ev sahiplerinden Emekli Hem\u015fire Serg\u00fcl Tekin, geceye dair duygular\u0131n\u0131 dile getirdi\u011fi konu\u015fmas\u0131nda, &#8220;Bu gece burada olmaktan dolay\u0131 \u00e7ok duyguluyum. Sipsinin duayenleri ile birlikte k\u00fclt\u00fcr el\u00e7isi olarak bu faaliyeti s\u00fcrd\u00fcr\u00fcyoruz. T\u00fcm sanat\u00e7\u0131lar\u0131m\u0131za ve kat\u0131l\u0131mc\u0131lara y\u00fcrekten te\u015fekk\u00fcr ediyorum&#8221; dedi.<br \/>\n<br \/>Gurbet\u00e7i ve yerel kat\u0131l\u0131mc\u0131lar\u0131n yo\u011fun ilgi g\u00f6sterdi\u011fi Yaren Gecesi i\u00e7in yurt d\u0131\u015f\u0131ndan gelen Veli Erba\u011fc\u0131, etkinliklere duydu\u011fu \u00f6zlemi; &#8220;Bu t\u00fcr etkinlikleri \u00e7ok \u00f6zl\u00fcyor ve ar\u0131yoruz. Haberi al\u0131r almaz geldim. Herkese te\u015fekk\u00fcr ederim&#8221; s\u00f6zleriyle anlatt\u0131.<br \/>\n<br \/>Bucak\u2019tan geceye kat\u0131lan Mehmet Cad\u0131l ise; &#8220;Eskiden motosikletimle bu t\u00fcr programlar\u0131 hi\u00e7 ka\u00e7\u0131rmazd\u0131m. Bug\u00fcn de misafirlerimi yan\u0131ma alarak bu davete kat\u0131ld\u0131m. Birlik ve beraberlikten g\u00fc\u00e7 do\u011far, bu etkinli\u011fi d\u00fczenleyenleri tebrik ediyorum&#8221; dedi.<\/p>\n<p>T\u00fcrk\u00fclerle h\u00fcz\u00fcn ve e\u011flence bir arada<br \/>\n<br \/>Gecenin ilerleyen saatlerinde, sanat\u00e7\u0131lar\u0131n seslendirdi\u011fi y\u00f6re t\u00fcrk\u00fcleri e\u015fli\u011finde kat\u0131l\u0131mc\u0131lar kimi zaman e\u011flenip oyunlar oynarken, kimi zaman duygusal anlar ya\u015fad\u0131.<br \/>\n<br \/>Y\u0131llar sonra yeniden canlanan Teke Y\u00f6resi Yaren Geceleri, Burdur\u2019un k\u00fclt\u00fcrel miras\u0131n\u0131 s\u00fcrd\u00fcrmek ad\u0131na umut verici bir ad\u0131m olarak dikkat \u00e7ekiyor.<br \/><\/p>\n","protected":false},"excerpt":{"rendered":"<p>Burdur\u2019un G\u00f6lhisar il\u00e7esinde d\u00fczenlenen Teke Y\u00f6resi Yaren Geceleri, y\u0131llar sonra yeniden hayat buldu. T\u00fcrk\u00fclerle dolu bu nostaljik gece, hem yerel halktan hem de yurt d\u0131\u015f\u0131ndan b\u00fcy\u00fck ilgi g\u00f6rd\u00fc. G\u00f6lhisar il\u00e7esinde, y\u0131llar \u00f6nce ba\u015flayan ve geleneksel hale gelen Teke Y\u00f6resi Yaren Geceleri, uzun bir aran\u0131n ard\u0131ndan yeniden hayat buldu. \u0130l\u00e7edeki bir kafede d\u00fczenlenen etkinlikler, s\u0131n\u0131rl\u0131 imkanlarla&#8230;<\/p>\n","protected":false},"author":1,"featured_media":14331,"comment_status":"open","ping_status":"open","sticky":false,"template":"","format":"standard","meta":{"_crdt_document":"","footnotes":""},"categories":[1],"tags":[],"class_list":["post-14330","post","type-post","status-publish","format-standard","has-post-thumbnail","hentry","category-guncel"],"_links":{"self":[{"href":"https:\/\/www.egemtv.com\/index.php?rest_route=\/wp\/v2\/posts\/14330","targetHints":{"allow":["GET"]}}],"collection":[{"href":"https:\/\/www.egemtv.com\/index.php?rest_route=\/wp\/v2\/posts"}],"about":[{"href":"https:\/\/www.egemtv.com\/index.php?rest_route=\/wp\/v2\/types\/post"}],"author":[{"embeddable":true,"href":"https:\/\/www.egemtv.com\/index.php?rest_route=\/wp\/v2\/users\/1"}],"replies":[{"embeddable":true,"href":"https:\/\/www.egemtv.com\/index.php?rest_route=%2Fwp%2Fv2%2Fcomments&post=14330"}],"version-history":[{"count":1,"href":"https:\/\/www.egemtv.com\/index.php?rest_route=\/wp\/v2\/posts\/14330\/revisions"}],"predecessor-version":[{"id":14332,"href":"https:\/\/www.egemtv.com\/index.php?rest_route=\/wp\/v2\/posts\/14330\/revisions\/14332"}],"wp:featuredmedia":[{"embeddable":true,"href":"https:\/\/www.egemtv.com\/index.php?rest_route=\/wp\/v2\/media\/14331"}],"wp:attachment":[{"href":"https:\/\/www.egemtv.com\/index.php?rest_route=%2Fwp%2Fv2%2Fmedia&parent=14330"}],"wp:term":[{"taxonomy":"category","embeddable":true,"href":"https:\/\/www.egemtv.com\/index.php?rest_route=%2Fwp%2Fv2%2Fcategories&post=14330"},{"taxonomy":"post_tag","embeddable":true,"href":"https:\/\/www.egemtv.com\/index.php?rest_route=%2Fwp%2Fv2%2Ftags&post=14330"}],"curies":[{"name":"wp","href":"https:\/\/api.w.org\/{rel}","templated":true}]}}