{"id":14327,"date":"2025-02-01T11:33:54","date_gmt":"2025-02-01T08:33:54","guid":{"rendered":"https:\/\/www.egemtv.com\/?p=14327"},"modified":"2025-02-01T11:33:57","modified_gmt":"2025-02-01T08:33:57","slug":"tki-tavsanli-linyitspor-tepecikspor-derbisine-hazir","status":"publish","type":"post","link":"https:\/\/www.egemtv.com\/?p=14327","title":{"rendered":"TK\u0130 Tav\u015fanl\u0131 Linyitspor, Tepecikspor derbisine haz\u0131r"},"content":{"rendered":"<p>K\u00fctahya\u2019n\u0131n Tav\u015fanl\u0131 il\u00e7esinde B\u00f6lgesel Amat\u00f6r Lig 8. Grup\u2019ta m\u00fccadele eden TK\u0130 Tav\u015fanl\u0131 Linyitspor, Pazar g\u00fcn\u00fc Ada Stad\u0131\u2019nda oynanacak Tav\u015fanl\u0131 Tepecikspor ma\u00e7\u0131 haz\u0131rl\u0131klar\u0131n\u0131 tamamlad\u0131.<br \/>\n<br \/>\u015eampiyonluk parolas\u0131yla lige giri\u015f yapan k\u0131rm\u0131z\u0131-siyahl\u0131lar, sezon boyunca beklenen istikrar\u0131 sa\u011flayamad\u0131. Ald\u0131\u011f\u0131 galibiyetler kadar puan kay\u0131plar\u0131 da ya\u015fayan ekip, ligde 17 hafta sonunda 7 galibiyet, 5 beraberlik ve 5 ma\u011flubiyetle 26 puan toplad\u0131 ve 10. s\u0131rada yer ald\u0131. Tak\u0131m y\u00f6netimi, devre aras\u0131nda yap\u0131lan takviyelerle kadroyu g\u00fc\u00e7lendirerek y\u00fckseli\u015fe ge\u00e7meyi hedefledi. Pazar g\u00fcn\u00fc oynanacak Tepecikspor ma\u00e7\u0131, hem yeni transferlerin tak\u0131ma adaptasyonu a\u00e7\u0131s\u0131ndan hem de ligdeki konum a\u00e7\u0131s\u0131ndan b\u00fcy\u00fck \u00f6nem ta\u015f\u0131yor.<br \/>\n<br \/>TK\u0130 Tav\u015fanl\u0131 Linyitspor\u2019un bu kritik kar\u015f\u0131la\u015fmada en b\u00fcy\u00fck kozu ise yeni transferi Kemal Akbaba olacak. H\u00fccum hatt\u0131nda tak\u0131m\u0131na b\u00fcy\u00fck katk\u0131 sa\u011flamas\u0131 beklenen tecr\u00fcbeli futbolcunun, k\u0131rm\u0131z\u0131-siyahl\u0131 ekibin gol yollar\u0131ndaki etkinli\u011fini art\u0131rmas\u0131 umuluyor. Tav\u015fanl\u0131 futbolseverleri, uzun s\u00fcredir merakla beklenen bu kar\u015f\u0131la\u015fma i\u00e7in b\u00fcy\u00fck bir heyecan i\u00e7inde. B\u00f6lgesel Amat\u00f6r Lig\u2019de ayn\u0131 \u015fehrin iki ekibinin kar\u015f\u0131 kar\u015f\u0131ya gelmesi, \u015fehrin futbol atmosferini zirveye ta\u015f\u0131d\u0131. Linyitspor\u2019un taraftarlar\u0131, tak\u0131mlar\u0131n\u0131n bu ma\u00e7la \u00e7\u0131k\u0131\u015fa ge\u00e7ece\u011fine inan\u0131yor.<br \/>\n<br \/>TK\u0130 Tav\u015fanl\u0131 Linyitspor, Tepecikspor kar\u015f\u0131s\u0131nda galibiyet almas\u0131 halinde puan\u0131n\u0131 29\u2019a y\u00fckseltecek ve \u00fcst s\u0131ralar i\u00e7in yeniden iddial\u0131 konuma gelecek. Ancak ya\u015fanacak bir puan kayb\u0131, tak\u0131m\u0131n hedeflerinden uzakla\u015fmas\u0131na neden olabilir.<br \/>\n<br \/>Hem TK\u0130 Tav\u015fanl\u0131 Linyitspor hem de Tepecikspor, ayn\u0131 \u015fehri temsil eden ve halk aras\u0131nda sevilen kul\u00fcpler. Bu y\u00fczden her iki tak\u0131m\u0131n taraftarlar\u0131n\u0131n, rakiplerine olan sayg\u0131y\u0131 ve dostlu\u011fu \u00f6n plana \u00e7\u0131karacaklar\u0131 d\u00fc\u015f\u00fcn\u00fcl\u00fcyor. Ayr\u0131ca her iki tak\u0131m\u0131n futbolcular\u0131 da ma\u00e7 \u00f6ncesi dostluk mesajlar\u0131 verdi. Ma\u00e7 \u00f6ncesi, ma\u00e7 esnas\u0131nda ve sonras\u0131nda iki tak\u0131m taraftarlar\u0131 aras\u0131nda dost\u00e7a bir atmosferin hakim olmas\u0131 bekleniyor.<br \/><\/p>\n","protected":false},"excerpt":{"rendered":"<p>K\u00fctahya\u2019n\u0131n Tav\u015fanl\u0131 il\u00e7esinde B\u00f6lgesel Amat\u00f6r Lig 8. Grup\u2019ta m\u00fccadele eden TK\u0130 Tav\u015fanl\u0131 Linyitspor, Pazar g\u00fcn\u00fc Ada Stad\u0131\u2019nda oynanacak Tav\u015fanl\u0131 Tepecikspor ma\u00e7\u0131 haz\u0131rl\u0131klar\u0131n\u0131 tamamlad\u0131. \u015eampiyonluk parolas\u0131yla lige giri\u015f yapan k\u0131rm\u0131z\u0131-siyahl\u0131lar, sezon boyunca beklenen istikrar\u0131 sa\u011flayamad\u0131. Ald\u0131\u011f\u0131 galibiyetler kadar puan kay\u0131plar\u0131 da ya\u015fayan ekip, ligde 17 hafta sonunda 7 galibiyet, 5 beraberlik ve 5 ma\u011flubiyetle 26 puan&#8230;<\/p>\n","protected":false},"author":1,"featured_media":14328,"comment_status":"open","ping_status":"open","sticky":false,"template":"","format":"standard","meta":{"_crdt_document":"","footnotes":""},"categories":[4],"tags":[],"class_list":["post-14327","post","type-post","status-publish","format-standard","has-post-thumbnail","hentry","category-spor"],"_links":{"self":[{"href":"https:\/\/www.egemtv.com\/index.php?rest_route=\/wp\/v2\/posts\/14327","targetHints":{"allow":["GET"]}}],"collection":[{"href":"https:\/\/www.egemtv.com\/index.php?rest_route=\/wp\/v2\/posts"}],"about":[{"href":"https:\/\/www.egemtv.com\/index.php?rest_route=\/wp\/v2\/types\/post"}],"author":[{"embeddable":true,"href":"https:\/\/www.egemtv.com\/index.php?rest_route=\/wp\/v2\/users\/1"}],"replies":[{"embeddable":true,"href":"https:\/\/www.egemtv.com\/index.php?rest_route=%2Fwp%2Fv2%2Fcomments&post=14327"}],"version-history":[{"count":1,"href":"https:\/\/www.egemtv.com\/index.php?rest_route=\/wp\/v2\/posts\/14327\/revisions"}],"predecessor-version":[{"id":14329,"href":"https:\/\/www.egemtv.com\/index.php?rest_route=\/wp\/v2\/posts\/14327\/revisions\/14329"}],"wp:featuredmedia":[{"embeddable":true,"href":"https:\/\/www.egemtv.com\/index.php?rest_route=\/wp\/v2\/media\/14328"}],"wp:attachment":[{"href":"https:\/\/www.egemtv.com\/index.php?rest_route=%2Fwp%2Fv2%2Fmedia&parent=14327"}],"wp:term":[{"taxonomy":"category","embeddable":true,"href":"https:\/\/www.egemtv.com\/index.php?rest_route=%2Fwp%2Fv2%2Fcategories&post=14327"},{"taxonomy":"post_tag","embeddable":true,"href":"https:\/\/www.egemtv.com\/index.php?rest_route=%2Fwp%2Fv2%2Ftags&post=14327"}],"curies":[{"name":"wp","href":"https:\/\/api.w.org\/{rel}","templated":true}]}}