{"id":14324,"date":"2025-02-01T11:33:04","date_gmt":"2025-02-01T08:33:04","guid":{"rendered":"https:\/\/www.egemtv.com\/?p=14324"},"modified":"2025-02-01T11:33:09","modified_gmt":"2025-02-01T08:33:09","slug":"toprak-okulunda-uygulamali-budama-egitimine-yogun-ilgi","status":"publish","type":"post","link":"https:\/\/www.egemtv.com\/?p=14324","title":{"rendered":"Toprak Okulu\u2019nda uygulamal\u0131 budama e\u011fitimine yo\u011fun ilgi"},"content":{"rendered":"<p>Efes Tarlas\u0131 Ya\u015fam K\u00f6y\u00fc ve Karaot Yerel Tohum Derne\u011fi i\u015f birli\u011fi ile d\u00fczenlenen Bah\u00e7elerde Budama E\u011fitimi yo\u011fun ilgi g\u00f6rd\u00fc. Efes Tarlas\u0131 Ya\u015fam K\u00f6y\u00fc Toprak Okulu\u2019nda d\u00fczenlenen e\u011fitimde 70\u2019in \u00fczerinde kat\u0131l\u0131mc\u0131 do\u011fru bir \u015fekilde budama yapabilmek i\u00e7in gerekli bilgileri edinerek, uygulama f\u0131rsat\u0131 elde ettiler.<br \/>\n<br \/>Ziraat M\u00fchendisi Mine Pakkaner taraf\u0131ndan verilen Bah\u00e7elerde Budama E\u011fitimi\u2019nde, Meyvecilikte Budama, Gen\u00e7le\u015ftirme Budamas\u0131, Budama Esaslar\u0131, Yap\u0131sal Budama Stratejileri, Genel Budama Teknikleri, B\u00f6lgelere G\u00f6re Budama, Budama Aletlerinin Se\u00e7imi ve Kullan\u0131lmas\u0131 konu ba\u015fl\u0131klar\u0131 yer ald\u0131. Ziraat M\u00fchendisi Mine Pakkaner budaman\u0131n tar\u0131msal \u00fcretimde b\u00fcy\u00fck bir \u00f6neme sahip oldu\u011funu belirterek; &#8220;Ben 41 y\u0131ld\u0131r sahada \u00e7al\u0131\u015fan bir Ziraat M\u00fchendisiyim. Uzmanl\u0131k alanlar\u0131mdan birisi de budama. Budama ger\u00e7ekten \u00fczerinde durmam\u0131z gereken bir konu. \u00c7\u00fcnk\u00fc bu konunun bilindi\u011fi zannediliyor ama yeterince bilinmiyor. Yanl\u0131\u015f uyguland\u0131\u011f\u0131nda, \u00f6zellikle de \u015fehir budamalar\u0131nda yani kent i\u00e7erisinde yer alan a\u011fa\u00e7lar\u0131n yanl\u0131\u015f budanmas\u0131 sonucu a\u011fa\u00e7lar\u0131n devrilmesi suretiyle hayati tehlikeye yol a\u00e7abilecek sonu\u00e7lar ortaya \u00e7\u0131k\u0131yor. \u0130\u015fte biz Efes Tarlas\u0131 Ya\u015fam K\u00f6y\u00fc\u2019nde verdi\u011fimiz e\u011fitimde peyzaj bitkilerinin yan\u0131 s\u0131ra zeytin, mandalin gibi meyve a\u011fa\u00e7lar\u0131na k\u0131sa bir giri\u015f yap\u0131p \u00e7al\u0131lar\u0131n budanmas\u0131 hakk\u0131nda da bilgi verdik&#8221; dedi.<br \/>\n<br \/>Tuba Tosuno\u011flu g\u00fcnl\u00fck hayat\u0131nda daha sa\u011fl\u0131kl\u0131 bir \u015fekilde budama yapabilmek i\u00e7in e\u011fitime kat\u0131ld\u0131\u011f\u0131n\u0131 belirterek, &#8220;Ben asl\u0131nda \u00f6\u011fretmenim. Babam\u0131n bah\u00e7esinde budama yap\u0131yordum. Bu kurstan haberdar olunca bilin\u00e7li bir \u015fekilde budama yapmak i\u00e7in kat\u0131lmak istedim. Hocam\u0131z \u00e7ok g\u00fczel ve detayl\u0131 bir \u015fekilde anlat\u0131yor. Uygulamalarla ald\u0131\u011f\u0131m\u0131z e\u011fitimi peki\u015ftirece\u011fimizi d\u00fc\u015f\u00fcn\u00fcyorum&#8221; dedi.<br \/>\n<br \/>E\u011fitime kat\u0131lan Yusuf G\u00fclerhep\u015fen, e\u011fitimin uygulamal\u0131 olmas\u0131ndan dolay\u0131 duydu\u011fu memnuniyeti dile getirdi.<br \/>\n<br \/>Efes Tarlas\u0131 Ya\u015fam K\u00f6y\u00fc\u2019nde \u00fcreticilere ve verimli \u00fcretim yapmak isteyenlere y\u00f6nelik e\u011fitimler devam edecek.<br \/><\/p>\n","protected":false},"excerpt":{"rendered":"<p>Efes Tarlas\u0131 Ya\u015fam K\u00f6y\u00fc ve Karaot Yerel Tohum Derne\u011fi i\u015f birli\u011fi ile d\u00fczenlenen Bah\u00e7elerde Budama E\u011fitimi yo\u011fun ilgi g\u00f6rd\u00fc. Efes Tarlas\u0131 Ya\u015fam K\u00f6y\u00fc Toprak Okulu\u2019nda d\u00fczenlenen e\u011fitimde 70\u2019in \u00fczerinde kat\u0131l\u0131mc\u0131 do\u011fru bir \u015fekilde budama yapabilmek i\u00e7in gerekli bilgileri edinerek, uygulama f\u0131rsat\u0131 elde ettiler. Ziraat M\u00fchendisi Mine Pakkaner taraf\u0131ndan verilen Bah\u00e7elerde Budama E\u011fitimi\u2019nde, Meyvecilikte Budama, Gen\u00e7le\u015ftirme&#8230;<\/p>\n","protected":false},"author":1,"featured_media":14325,"comment_status":"open","ping_status":"open","sticky":false,"template":"","format":"standard","meta":{"_crdt_document":"","footnotes":""},"categories":[1],"tags":[],"class_list":["post-14324","post","type-post","status-publish","format-standard","has-post-thumbnail","hentry","category-guncel"],"_links":{"self":[{"href":"https:\/\/www.egemtv.com\/index.php?rest_route=\/wp\/v2\/posts\/14324","targetHints":{"allow":["GET"]}}],"collection":[{"href":"https:\/\/www.egemtv.com\/index.php?rest_route=\/wp\/v2\/posts"}],"about":[{"href":"https:\/\/www.egemtv.com\/index.php?rest_route=\/wp\/v2\/types\/post"}],"author":[{"embeddable":true,"href":"https:\/\/www.egemtv.com\/index.php?rest_route=\/wp\/v2\/users\/1"}],"replies":[{"embeddable":true,"href":"https:\/\/www.egemtv.com\/index.php?rest_route=%2Fwp%2Fv2%2Fcomments&post=14324"}],"version-history":[{"count":1,"href":"https:\/\/www.egemtv.com\/index.php?rest_route=\/wp\/v2\/posts\/14324\/revisions"}],"predecessor-version":[{"id":14326,"href":"https:\/\/www.egemtv.com\/index.php?rest_route=\/wp\/v2\/posts\/14324\/revisions\/14326"}],"wp:featuredmedia":[{"embeddable":true,"href":"https:\/\/www.egemtv.com\/index.php?rest_route=\/wp\/v2\/media\/14325"}],"wp:attachment":[{"href":"https:\/\/www.egemtv.com\/index.php?rest_route=%2Fwp%2Fv2%2Fmedia&parent=14324"}],"wp:term":[{"taxonomy":"category","embeddable":true,"href":"https:\/\/www.egemtv.com\/index.php?rest_route=%2Fwp%2Fv2%2Fcategories&post=14324"},{"taxonomy":"post_tag","embeddable":true,"href":"https:\/\/www.egemtv.com\/index.php?rest_route=%2Fwp%2Fv2%2Ftags&post=14324"}],"curies":[{"name":"wp","href":"https:\/\/api.w.org\/{rel}","templated":true}]}}