{"id":14321,"date":"2025-02-01T11:25:44","date_gmt":"2025-02-01T08:25:44","guid":{"rendered":"https:\/\/www.egemtv.com\/?p=14321"},"modified":"2025-02-01T11:25:48","modified_gmt":"2025-02-01T08:25:48","slug":"fethiye-oludeniz-yoluna-320-milyon-tllik-yatirim","status":"publish","type":"post","link":"https:\/\/www.egemtv.com\/?p=14321","title":{"rendered":"Fethiye \u00d6l\u00fcdeniz yoluna 320 milyon TL\u2019lik yat\u0131r\u0131m"},"content":{"rendered":"<p>Mu\u011fla B\u00fcy\u00fck\u015fehir Belediye Ba\u015fkan\u0131 Ahmet Aras, 320 milyon TL\u2019lik yat\u0131r\u0131mla yap\u0131m\u0131na ba\u015flanan Fethiye \u00d6l\u00fcdeniz yolunda incelemelerde bulundu.<br \/>\n<br \/>Fethiye\u2019nin en \u00f6nemli turizm merkezlerinden biri olan \u00d6l\u00fcdeniz\u2019in yollar\u0131 Mu\u011fla B\u00fcy\u00fck\u015fehir Belediyesi taraf\u0131ndan yenileniyor. Yenileme \u00e7al\u0131\u015fmalar\u0131n\u0131n ba\u015flad\u0131\u011f\u0131 yolda incelemelerde bulunan Mu\u011fla B\u00fcy\u00fck\u015fehir Belediye Ba\u015fkan\u0131 Ahmet Aras, \u00d6l\u00fcdeniz yolunun Fethiye\u2019nin turizme olan etkisi a\u00e7\u0131s\u0131ndan \u00e7ok \u00f6nemli bir yol oldu\u011funu ve milyonlarca yerli ve yabanc\u0131 misafirin kulland\u0131\u011f\u0131 bu yolda \u00e7al\u0131\u015fmalar\u0131n h\u0131zl\u0131 bir \u015fekilde devam etti\u011fini a\u00e7\u0131klad\u0131.<br \/>\n<br \/>Yol yenileme \u00e7al\u0131\u015fmalar\u0131n\u0131 yerinde inceleyen Mu\u011fla B\u00fcy\u00fck\u015fehir Belediye Ba\u015fkan\u0131 Ba\u015fkan Aras, \u00d6l\u00fcdeniz gibi \u00f6nemli bir turizm b\u00f6lgesinin yolunu yenilemek i\u00e7in \u00e7al\u0131\u015fmalara ba\u015flad\u0131klar\u0131n\u0131, bu projede 320 milyon liral\u0131k kayna\u011f\u0131 yol yap\u0131m\u0131na ay\u0131rd\u0131klar\u0131n\u0131 bunun yan\u0131 s\u0131ra, 8 milyon lira da su ve altyap\u0131 \u00e7al\u0131\u015fmalar\u0131 i\u00e7in kullan\u0131lacaklar\u0131n\u0131 a\u00e7\u0131klad\u0131. Ba\u015fkan Aras, &#8220;Bizim \u00fclkemiz i\u00e7in de \u00e7ok g\u00fczerg\u00e2h buras\u0131. Sadece Mu\u011fla\u2019m\u0131z ve Fethiye\u2019miz i\u00e7in de\u011fil. \u00dclkemizin ve d\u00fcnyan\u0131n her yerinden gelen misafirler bu yolu kullan\u0131yorlar. Fethiye\u2019ye yak\u0131\u015f\u0131r bir yer olmas\u0131 gerekiyordu. Halk\u0131m\u0131z\u0131n yan\u0131nda olaca\u011f\u0131z. Motivasyonumuz tam, enerjimiz var. Kentimiz i\u00e7in, \u00fclkemiz i\u00e7in, Mu\u011fla i\u00e7in \u00e7al\u0131\u015f\u0131yoruz&#8221; diye konu\u015ftu.<br \/><\/p>\n","protected":false},"excerpt":{"rendered":"<p>Mu\u011fla B\u00fcy\u00fck\u015fehir Belediye Ba\u015fkan\u0131 Ahmet Aras, 320 milyon TL\u2019lik yat\u0131r\u0131mla yap\u0131m\u0131na ba\u015flanan Fethiye \u00d6l\u00fcdeniz yolunda incelemelerde bulundu. Fethiye\u2019nin en \u00f6nemli turizm merkezlerinden biri olan \u00d6l\u00fcdeniz\u2019in yollar\u0131 Mu\u011fla B\u00fcy\u00fck\u015fehir Belediyesi taraf\u0131ndan yenileniyor. Yenileme \u00e7al\u0131\u015fmalar\u0131n\u0131n ba\u015flad\u0131\u011f\u0131 yolda incelemelerde bulunan Mu\u011fla B\u00fcy\u00fck\u015fehir Belediye Ba\u015fkan\u0131 Ahmet Aras, \u00d6l\u00fcdeniz yolunun Fethiye\u2019nin turizme olan etkisi a\u00e7\u0131s\u0131ndan \u00e7ok \u00f6nemli bir yol oldu\u011funu&#8230;<\/p>\n","protected":false},"author":1,"featured_media":14322,"comment_status":"open","ping_status":"open","sticky":false,"template":"","format":"standard","meta":{"_crdt_document":"","footnotes":""},"categories":[125],"tags":[],"class_list":["post-14321","post","type-post","status-publish","format-standard","has-post-thumbnail","hentry","category-ekonomi"],"_links":{"self":[{"href":"https:\/\/www.egemtv.com\/index.php?rest_route=\/wp\/v2\/posts\/14321","targetHints":{"allow":["GET"]}}],"collection":[{"href":"https:\/\/www.egemtv.com\/index.php?rest_route=\/wp\/v2\/posts"}],"about":[{"href":"https:\/\/www.egemtv.com\/index.php?rest_route=\/wp\/v2\/types\/post"}],"author":[{"embeddable":true,"href":"https:\/\/www.egemtv.com\/index.php?rest_route=\/wp\/v2\/users\/1"}],"replies":[{"embeddable":true,"href":"https:\/\/www.egemtv.com\/index.php?rest_route=%2Fwp%2Fv2%2Fcomments&post=14321"}],"version-history":[{"count":1,"href":"https:\/\/www.egemtv.com\/index.php?rest_route=\/wp\/v2\/posts\/14321\/revisions"}],"predecessor-version":[{"id":14323,"href":"https:\/\/www.egemtv.com\/index.php?rest_route=\/wp\/v2\/posts\/14321\/revisions\/14323"}],"wp:featuredmedia":[{"embeddable":true,"href":"https:\/\/www.egemtv.com\/index.php?rest_route=\/wp\/v2\/media\/14322"}],"wp:attachment":[{"href":"https:\/\/www.egemtv.com\/index.php?rest_route=%2Fwp%2Fv2%2Fmedia&parent=14321"}],"wp:term":[{"taxonomy":"category","embeddable":true,"href":"https:\/\/www.egemtv.com\/index.php?rest_route=%2Fwp%2Fv2%2Fcategories&post=14321"},{"taxonomy":"post_tag","embeddable":true,"href":"https:\/\/www.egemtv.com\/index.php?rest_route=%2Fwp%2Fv2%2Ftags&post=14321"}],"curies":[{"name":"wp","href":"https:\/\/api.w.org\/{rel}","templated":true}]}}