{"id":14318,"date":"2025-02-01T11:19:38","date_gmt":"2025-02-01T08:19:38","guid":{"rendered":"https:\/\/www.egemtv.com\/?p=14318"},"modified":"2025-02-01T11:19:42","modified_gmt":"2025-02-01T08:19:42","slug":"manisa-fk-karagumruk-macina-hazir","status":"publish","type":"post","link":"https:\/\/www.egemtv.com\/?p=14318","title":{"rendered":"Manisa FK, Karag\u00fcmr\u00fck ma\u00e7\u0131na haz\u0131r"},"content":{"rendered":"<p>Manisa Futbol Kul\u00fcb\u00fc, Trendyol 1. Lig\u2019in 22. hafta m\u00fccadelesinde sahas\u0131nda kar\u015f\u0131la\u015faca\u011f\u0131 Fatih Karag\u00fcmr\u00fck ma\u00e7\u0131n\u0131n haz\u0131rl\u0131klar\u0131n\u0131 tamamlayarak ma\u00e7 saatini beklemeye ba\u015flad\u0131.<br \/>\n<br \/>Manisa Futbol Kul\u00fcb\u00fc, Trendyol 1. Lig\u2019in 22. hafta m\u00fccadelesinde yar\u0131n saat 16.00\u2019da Fatih Karag\u00fcmr\u00fck\u2019\u00fc konuk edecek. Siyah-beyazl\u0131lar bu m\u00fcsabakan\u0131n haz\u0131rl\u0131klar\u0131n\u0131 da tamamlad\u0131. Teknik Direkt\u00f6r Hakan \u015eap\u00e7\u0131 y\u00f6netiminde ger\u00e7ekle\u015fen antrenman \u0131s\u0131nma hareketleri ve 5\u2019e 2 top kapma oyunuyla ba\u015flad\u0131. Antrenman dar alan oyunlar\u0131 ve taktik \u00e7al\u0131\u015fmayla sona erdi.<\/p>\n<p>Kar\u015f\u0131la\u015fmay\u0131 \u00d6mer Tolga G\u00fcldibi y\u00f6netecek<br \/>\n<br \/>Manisa Futbol Kul\u00fcb\u00fc ile Fatih Karag\u00fcmr\u00fck aras\u0131nda oynanacak m\u00fccadeleyi hakem \u00d6mer Tolga G\u00fcldibi y\u00f6netecek. Kar\u015f\u0131la\u015fmada G\u00fcldibi\u2019nin yard\u0131mc\u0131l\u0131klar\u0131n\u0131 Abdullah U\u011fur Sar\u0131 ile Mehmet Ak\u0131nc\u0131k yapacak. Ma\u00e7\u0131n d\u00f6rd\u00fcnc\u00fc hakemi ise Onur Bing\u00f6l olacak<\/p>\n<p>Ma\u00e7\u0131n bilet sat\u0131\u015f\u0131 devam ediyor<br \/>\n<br \/>\u00d6te yandan Fatih Karag\u00fcmr\u00fck ma\u00e7\u0131n\u0131n bilet sat\u0131\u015flar\u0131 devam ediyor. M\u00fccadeleyi trib\u00fcnden takip etmek isteyen taraftarlar, Passo internet sitesi ve mobil uygulamas\u0131ndan biletlerini temin edebilecek.<\/p>\n<p>Kad\u0131n ve 18 ya\u015f alt\u0131 taraftarlar \u00fccretsiz ma\u00e7a girecek<br \/>\n<br \/>Manisa FK\u2019n\u0131n kad\u0131n ve 18 ya\u015f alt\u0131 t\u00fcm taraftarlar\u0131, i\u00e7 saha ma\u00e7lar\u0131n\u0131 \u00fccretsiz izleyebilecek. Ma\u00e7lar\u0131 trib\u00fcnden takip etmek isteyen kad\u0131n ve 18 ya\u015f alt\u0131 taraftarlar\u0131n Passolig kart\u0131 sahibi olmas\u0131 zorunlu. Passolig kart\u0131 olmayan kad\u0131n ve 18 ya\u015f alt\u0131 taraftarlar\u0131n Passolig kart\u0131 almas\u0131, kart sahibi olan taraftarlar\u0131n ise Passolig kartlar\u0131n\u0131n vizelerini yenilemesi gerekiyor.<br \/>\n<br \/>Kad\u0131n ve 18 ya\u015f alt\u0131 t\u00fcm taraftarlar, \u00fccretsiz biletlerini ma\u00e7 g\u00fcn\u00fc Manisa 19 May\u0131s Stadyumu\u2019nda bulunan Passolig gi\u015felerinden tan\u0131mlayabilecek. Kar\u015f\u0131la\u015fman\u0131n bilet fiyatlar\u0131 ise \u015f\u00f6yle:<br \/>\n<br \/>Kapal\u0131 Alt Trib\u00fcn: 30 TL<br \/>\n<br \/>Misafir Trib\u00fcn\u00fc: 39 TL<br \/><\/p>\n","protected":false},"excerpt":{"rendered":"<p>Manisa Futbol Kul\u00fcb\u00fc, Trendyol 1. Lig\u2019in 22. hafta m\u00fccadelesinde sahas\u0131nda kar\u015f\u0131la\u015faca\u011f\u0131 Fatih Karag\u00fcmr\u00fck ma\u00e7\u0131n\u0131n haz\u0131rl\u0131klar\u0131n\u0131 tamamlayarak ma\u00e7 saatini beklemeye ba\u015flad\u0131. Manisa Futbol Kul\u00fcb\u00fc, Trendyol 1. Lig\u2019in 22. hafta m\u00fccadelesinde yar\u0131n saat 16.00\u2019da Fatih Karag\u00fcmr\u00fck\u2019\u00fc konuk edecek. Siyah-beyazl\u0131lar bu m\u00fcsabakan\u0131n haz\u0131rl\u0131klar\u0131n\u0131 da tamamlad\u0131. Teknik Direkt\u00f6r Hakan \u015eap\u00e7\u0131 y\u00f6netiminde ger\u00e7ekle\u015fen antrenman \u0131s\u0131nma hareketleri ve 5\u2019e 2 top&#8230;<\/p>\n","protected":false},"author":1,"featured_media":14319,"comment_status":"open","ping_status":"open","sticky":false,"template":"","format":"standard","meta":{"_crdt_document":"","footnotes":""},"categories":[4],"tags":[],"class_list":["post-14318","post","type-post","status-publish","format-standard","has-post-thumbnail","hentry","category-spor"],"_links":{"self":[{"href":"https:\/\/www.egemtv.com\/index.php?rest_route=\/wp\/v2\/posts\/14318","targetHints":{"allow":["GET"]}}],"collection":[{"href":"https:\/\/www.egemtv.com\/index.php?rest_route=\/wp\/v2\/posts"}],"about":[{"href":"https:\/\/www.egemtv.com\/index.php?rest_route=\/wp\/v2\/types\/post"}],"author":[{"embeddable":true,"href":"https:\/\/www.egemtv.com\/index.php?rest_route=\/wp\/v2\/users\/1"}],"replies":[{"embeddable":true,"href":"https:\/\/www.egemtv.com\/index.php?rest_route=%2Fwp%2Fv2%2Fcomments&post=14318"}],"version-history":[{"count":1,"href":"https:\/\/www.egemtv.com\/index.php?rest_route=\/wp\/v2\/posts\/14318\/revisions"}],"predecessor-version":[{"id":14320,"href":"https:\/\/www.egemtv.com\/index.php?rest_route=\/wp\/v2\/posts\/14318\/revisions\/14320"}],"wp:featuredmedia":[{"embeddable":true,"href":"https:\/\/www.egemtv.com\/index.php?rest_route=\/wp\/v2\/media\/14319"}],"wp:attachment":[{"href":"https:\/\/www.egemtv.com\/index.php?rest_route=%2Fwp%2Fv2%2Fmedia&parent=14318"}],"wp:term":[{"taxonomy":"category","embeddable":true,"href":"https:\/\/www.egemtv.com\/index.php?rest_route=%2Fwp%2Fv2%2Fcategories&post=14318"},{"taxonomy":"post_tag","embeddable":true,"href":"https:\/\/www.egemtv.com\/index.php?rest_route=%2Fwp%2Fv2%2Ftags&post=14318"}],"curies":[{"name":"wp","href":"https:\/\/api.w.org\/{rel}","templated":true}]}}