{"id":14315,"date":"2025-02-01T11:16:07","date_gmt":"2025-02-01T08:16:07","guid":{"rendered":"https:\/\/www.egemtv.com\/?p=14315"},"modified":"2025-02-01T11:16:11","modified_gmt":"2025-02-01T08:16:11","slug":"izmir-itfaiyesinden-zabita-personeline-yangin-guvenligi-egitimi","status":"publish","type":"post","link":"https:\/\/www.egemtv.com\/?p=14315","title":{"rendered":"\u0130zmir \u0130tfaiyesi\u2019nden zab\u0131ta personeline yang\u0131n g\u00fcvenli\u011fi e\u011fitimi"},"content":{"rendered":"<p>\u0130zmir B\u00fcy\u00fck\u015fehir Belediyesi zab\u0131ta ekipleri, yang\u0131n riskine kar\u015f\u0131 al\u0131nmas\u0131 gereken \u00f6nlemler ile muhtemel yang\u0131nlara kar\u015f\u0131 do\u011fru m\u00fcdahale tekniklerine y\u00f6nelik e\u011fitimden ge\u00e7irildi.<br \/>\n<br \/>\u0130zmir B\u00fcy\u00fck\u015fehir Belediyesi Zab\u0131ta Dairesi Ba\u015fkanl\u0131\u011f\u0131 ekiplerine, yang\u0131n g\u00fcvenli\u011fi e\u011fitimi verildi. \u0130zmir B\u00fcy\u00fck\u015fehir Belediyesi \u0130tfaiye Dairesi Ba\u015fkanl\u0131\u011f\u0131 E\u011fitim \u015eube M\u00fcd\u00fcrl\u00fc\u011f\u00fc\u2019nde g\u00f6revli e\u011fitmenlerce, Toros Yang\u0131n ve Do\u011fal Afet E\u011fitim Merkezi\u2019nde verilen e\u011fitimde zab\u0131ta personeli yanma ve yang\u0131n bilgisi, yang\u0131n yerindeki tehlikeler, s\u00f6nd\u00fcrme maddeleri ve teknikleri gibi konularda bilgi sahibi oldu. 2 saat teorik, bir saat uygulamal\u0131 e\u011fitimde zab\u0131ta personeline yang\u0131n s\u00f6nd\u00fcrme tatbikat\u0131 da yapt\u0131r\u0131ld\u0131.<br \/><\/p>\n","protected":false},"excerpt":{"rendered":"<p>\u0130zmir B\u00fcy\u00fck\u015fehir Belediyesi zab\u0131ta ekipleri, yang\u0131n riskine kar\u015f\u0131 al\u0131nmas\u0131 gereken \u00f6nlemler ile muhtemel yang\u0131nlara kar\u015f\u0131 do\u011fru m\u00fcdahale tekniklerine y\u00f6nelik e\u011fitimden ge\u00e7irildi. \u0130zmir B\u00fcy\u00fck\u015fehir Belediyesi Zab\u0131ta Dairesi Ba\u015fkanl\u0131\u011f\u0131 ekiplerine, yang\u0131n g\u00fcvenli\u011fi e\u011fitimi verildi. \u0130zmir B\u00fcy\u00fck\u015fehir Belediyesi \u0130tfaiye Dairesi Ba\u015fkanl\u0131\u011f\u0131 E\u011fitim \u015eube M\u00fcd\u00fcrl\u00fc\u011f\u00fc\u2019nde g\u00f6revli e\u011fitmenlerce, Toros Yang\u0131n ve Do\u011fal Afet E\u011fitim Merkezi\u2019nde verilen e\u011fitimde zab\u0131ta personeli yanma&#8230;<\/p>\n","protected":false},"author":1,"featured_media":14316,"comment_status":"open","ping_status":"open","sticky":false,"template":"","format":"standard","meta":{"_crdt_document":"","footnotes":""},"categories":[1],"tags":[],"class_list":["post-14315","post","type-post","status-publish","format-standard","has-post-thumbnail","hentry","category-guncel"],"_links":{"self":[{"href":"https:\/\/www.egemtv.com\/index.php?rest_route=\/wp\/v2\/posts\/14315","targetHints":{"allow":["GET"]}}],"collection":[{"href":"https:\/\/www.egemtv.com\/index.php?rest_route=\/wp\/v2\/posts"}],"about":[{"href":"https:\/\/www.egemtv.com\/index.php?rest_route=\/wp\/v2\/types\/post"}],"author":[{"embeddable":true,"href":"https:\/\/www.egemtv.com\/index.php?rest_route=\/wp\/v2\/users\/1"}],"replies":[{"embeddable":true,"href":"https:\/\/www.egemtv.com\/index.php?rest_route=%2Fwp%2Fv2%2Fcomments&post=14315"}],"version-history":[{"count":1,"href":"https:\/\/www.egemtv.com\/index.php?rest_route=\/wp\/v2\/posts\/14315\/revisions"}],"predecessor-version":[{"id":14317,"href":"https:\/\/www.egemtv.com\/index.php?rest_route=\/wp\/v2\/posts\/14315\/revisions\/14317"}],"wp:featuredmedia":[{"embeddable":true,"href":"https:\/\/www.egemtv.com\/index.php?rest_route=\/wp\/v2\/media\/14316"}],"wp:attachment":[{"href":"https:\/\/www.egemtv.com\/index.php?rest_route=%2Fwp%2Fv2%2Fmedia&parent=14315"}],"wp:term":[{"taxonomy":"category","embeddable":true,"href":"https:\/\/www.egemtv.com\/index.php?rest_route=%2Fwp%2Fv2%2Fcategories&post=14315"},{"taxonomy":"post_tag","embeddable":true,"href":"https:\/\/www.egemtv.com\/index.php?rest_route=%2Fwp%2Fv2%2Ftags&post=14315"}],"curies":[{"name":"wp","href":"https:\/\/api.w.org\/{rel}","templated":true}]}}