{"id":14312,"date":"2025-02-01T11:12:59","date_gmt":"2025-02-01T08:12:59","guid":{"rendered":"https:\/\/www.egemtv.com\/?p=14312"},"modified":"2025-02-01T11:13:02","modified_gmt":"2025-02-01T08:13:02","slug":"kaybolan-hayvanlari-jandarma-buldu","status":"publish","type":"post","link":"https:\/\/www.egemtv.com\/?p=14312","title":{"rendered":"Kaybolan hayvanlar\u0131 jandarma buldu"},"content":{"rendered":"<p>Ayd\u0131n\u2019\u0131n Germencik il\u00e7esinde kaybolan 16 adet k\u00fc\u00e7\u00fckba\u015f hayvan jandarma ekipleri taraf\u0131ndan bulunarak sahibine teslim edildi.<\/p>\n<p>Edinilen bilgiye g\u00f6re, Balat\u00e7\u0131k Mahallesinde ikamet eden M.G. isimli \u015fah\u0131s ak\u015fam saatlerinde 112 Acil \u00c7a\u011fr\u0131 Merkezi\u2019ni arayarak 16 adet k\u00fc\u00e7\u00fckba\u015f hayvan\u0131n\u0131n kayboldu\u011funu beyan ederek ihbarda bulundu. \u0130hbar \u00fczerine harekete ge\u00e7en Germencik \u0130l\u00e7e Jandarma Komutanl\u0131\u011f\u0131 kay\u0131p k\u00fc\u00e7\u00fckba\u015f hayvanlar\u0131 bulmak i\u00e7in 4 Asayi\u015f Timi b\u00f6lgeye y\u00f6nlendirilerek arama \u00e7al\u0131\u015fmalar\u0131na ba\u015flad\u0131. Kay\u0131p hayvanlar gece saatlerinde M.G. isimli \u015fahs\u0131n ah\u0131r\u0131n\u0131n yakla\u015f\u0131k 5 kilometre ilerisinde ormanl\u0131k ve kayal\u0131k alanda eksiksiz olarak bulunarak sahibine teslim edildi. M.G. jandarma ekiplerine duyarl\u0131 \u00e7al\u0131\u015fmalar\u0131ndan dolay\u0131 te\u015fekk\u00fcr etti.<br \/><\/p>\n","protected":false},"excerpt":{"rendered":"<p>Ayd\u0131n\u2019\u0131n Germencik il\u00e7esinde kaybolan 16 adet k\u00fc\u00e7\u00fckba\u015f hayvan jandarma ekipleri taraf\u0131ndan bulunarak sahibine teslim edildi. Edinilen bilgiye g\u00f6re, Balat\u00e7\u0131k Mahallesinde ikamet eden M.G. isimli \u015fah\u0131s ak\u015fam saatlerinde 112 Acil \u00c7a\u011fr\u0131 Merkezi\u2019ni arayarak 16 adet k\u00fc\u00e7\u00fckba\u015f hayvan\u0131n\u0131n kayboldu\u011funu beyan ederek ihbarda bulundu. \u0130hbar \u00fczerine harekete ge\u00e7en Germencik \u0130l\u00e7e Jandarma Komutanl\u0131\u011f\u0131 kay\u0131p k\u00fc\u00e7\u00fckba\u015f hayvanlar\u0131 bulmak i\u00e7in 4&#8230;<\/p>\n","protected":false},"author":1,"featured_media":14313,"comment_status":"open","ping_status":"open","sticky":false,"template":"","format":"standard","meta":{"_crdt_document":"","footnotes":""},"categories":[5],"tags":[],"class_list":["post-14312","post","type-post","status-publish","format-standard","has-post-thumbnail","hentry","category-asayis"],"_links":{"self":[{"href":"https:\/\/www.egemtv.com\/index.php?rest_route=\/wp\/v2\/posts\/14312","targetHints":{"allow":["GET"]}}],"collection":[{"href":"https:\/\/www.egemtv.com\/index.php?rest_route=\/wp\/v2\/posts"}],"about":[{"href":"https:\/\/www.egemtv.com\/index.php?rest_route=\/wp\/v2\/types\/post"}],"author":[{"embeddable":true,"href":"https:\/\/www.egemtv.com\/index.php?rest_route=\/wp\/v2\/users\/1"}],"replies":[{"embeddable":true,"href":"https:\/\/www.egemtv.com\/index.php?rest_route=%2Fwp%2Fv2%2Fcomments&post=14312"}],"version-history":[{"count":1,"href":"https:\/\/www.egemtv.com\/index.php?rest_route=\/wp\/v2\/posts\/14312\/revisions"}],"predecessor-version":[{"id":14314,"href":"https:\/\/www.egemtv.com\/index.php?rest_route=\/wp\/v2\/posts\/14312\/revisions\/14314"}],"wp:featuredmedia":[{"embeddable":true,"href":"https:\/\/www.egemtv.com\/index.php?rest_route=\/wp\/v2\/media\/14313"}],"wp:attachment":[{"href":"https:\/\/www.egemtv.com\/index.php?rest_route=%2Fwp%2Fv2%2Fmedia&parent=14312"}],"wp:term":[{"taxonomy":"category","embeddable":true,"href":"https:\/\/www.egemtv.com\/index.php?rest_route=%2Fwp%2Fv2%2Fcategories&post=14312"},{"taxonomy":"post_tag","embeddable":true,"href":"https:\/\/www.egemtv.com\/index.php?rest_route=%2Fwp%2Fv2%2Ftags&post=14312"}],"curies":[{"name":"wp","href":"https:\/\/api.w.org\/{rel}","templated":true}]}}