{"id":14309,"date":"2025-02-01T11:08:36","date_gmt":"2025-02-01T08:08:36","guid":{"rendered":"https:\/\/www.egemtv.com\/?p=14309"},"modified":"2025-02-01T11:08:40","modified_gmt":"2025-02-01T08:08:40","slug":"bayraklida-yariyil-tatili-dopdolu-gecti","status":"publish","type":"post","link":"https:\/\/www.egemtv.com\/?p=14309","title":{"rendered":"Bayrakl\u0131\u2019da yar\u0131y\u0131l tatili dopdolu ge\u00e7ti"},"content":{"rendered":"<p>Bayrakl\u0131 Belediyesi taraf\u0131ndan d\u00fczenlenen yar\u0131y\u0131l tatili etkinlikleri, \u00e7ocuklara unutulmaz anlar ya\u015fatt\u0131. Bu kapsamda tatil boyunca tiyatro g\u00f6sterileri, m\u00fcze gezileri, oyun at\u00f6lyeleri ve robotik kodlama e\u011fitimleri gibi bir\u00e7ok e\u011flenceli ve \u00f6\u011fretici etkinlik ger\u00e7ekle\u015ftirildi. Bayrakl\u0131 Belediye Ba\u015fkan\u0131 \u0130rfan \u00d6nal, &#8220;\u00c7ocuklar\u0131m\u0131z\u0131n tatilini en iyi \u015fekilde, keyifle ge\u00e7irmesi i\u00e7in haz\u0131rlad\u0131\u011f\u0131m\u0131z etkinliklerde \u00e7ocuklar\u0131m\u0131z\u0131 bir araya getirdik. Yo\u011fun ders programlar\u0131n\u0131n ard\u0131ndan e\u011flenceli aktivitelerle yanlar\u0131nda olmak ve g\u00fclen y\u00fczlerini g\u00f6rmek en b\u00fcy\u00fck mutlulu\u011fumuz oldu&#8221; dedi.<br \/>\n<br \/>20-31 Ocak tarihleri aras\u0131nda ger\u00e7ekle\u015fen yar\u0131y\u0131l tatili program\u0131 kapsam\u0131nda \u00e7ocuklar, tiyatro oyunlar\u0131ndan deneylere, m\u00fcze gezilerinden at\u00f6lye \u00e7al\u0131\u015fmalar\u0131na kadar bir\u00e7ok farkl\u0131 alanda kendilerini geli\u015ftirme f\u0131rsat\u0131 buldu. Nafiz G\u00fcrman K\u00fclt\u00fcr Merkezi\u2019nde d\u00fczenlenen \u2018Duygu \u00c7i\u00e7e\u011fi At\u00f6lyesi\u2019 \u00e7ocuklar\u0131n anneleriyle ba\u011f kurmas\u0131n\u0131 sa\u011flad\u0131. \u0130ll\u00fczyon M\u00fczesi ve Atat\u00fcrk M\u00fczesi ziyaretleri b\u00fcy\u00fck ilgi g\u00f6rd\u00fc. Postac\u0131lar \u0130smet \u0130n\u00f6n\u00fc K\u00fclt\u00fcr Merkezi\u2019nde iki seans halinde yo\u011fun kat\u0131l\u0131mla sahnelenen &#8220;Ar\u0131lar Okulu&#8221; adl\u0131 tiyatro oyunu, \u00e7ocuklara keyifli anlar ya\u015fatt\u0131. Bilgisayar kodlama ve robotik e\u011fitimleri, teknolojiye merakl\u0131 miniklere \u00f6nemli deneyimler sundu. \u00c7i\u011fli Belediyesi Astronomi, Havac\u0131l\u0131k ve Uzay Kamp\u00fcs\u00fc\u2019ne d\u00fczenlenen geziyle \u00f6\u011frenciler bilimle i\u00e7 i\u00e7e bir g\u00fcn ge\u00e7irdi. Kutu oyunlar\u0131, \u0130ngilizce oyun at\u00f6lyeleri ve e\u011fitimleri de be\u011feni toplad\u0131. Atat\u00fcrk\u2019\u00fcn, 9 Eyl\u00fcl 1922 \u00f6ncesinde \u0130zmir\u2019i ilk kez g\u00f6rd\u00fc\u011f\u00fc Belkahve\u2019de yer alan An\u0131 Evi\u2019ni ziyaret eden minikler, i\u015fgal y\u0131llar\u0131 ve Atat\u00fcrk hakk\u0131nda bilgiler ald\u0131. T\u00fcm etkinliklerde \u00e7ocuklar, hem e\u011flendi hem de yeni bilgiler \u00f6\u011frenerek verimli bir tatil ge\u00e7irdi.<\/p>\n<p>&#8220;G\u00fclen y\u00fczler en b\u00fcy\u00fck mutlulu\u011fumuz&#8221;<br \/>\n<br \/>Bayrakl\u0131 Belediye Ba\u015fkan\u0131 \u0130rfan \u00d6nal, &#8220;Gelece\u011fimizin teminat\u0131 \u00e7ocuklar\u0131m\u0131z\u0131n ba\u015far\u0131s\u0131 ve mutlulu\u011fu i\u00e7in imkanlar\u0131m\u0131z neye el veriyorsa her zaman sonuna kadar yapaca\u011f\u0131z. Onlar\u0131n g\u00fclen y\u00fczlerini g\u00f6rmek bizim en b\u00fcy\u00fck mutlulu\u011fumuz oluyor. Bu t\u00fcr etkinliklerimizi s\u00fcrd\u00fcr\u00fcrken, her alandaki desteklerimizle \u00e7ocuklar\u0131m\u0131z\u0131n, gen\u00e7lerimizin yan\u0131nda olmaya devam edece\u011fiz&#8221; dedi.<br \/><\/p>\n","protected":false},"excerpt":{"rendered":"<p>Bayrakl\u0131 Belediyesi taraf\u0131ndan d\u00fczenlenen yar\u0131y\u0131l tatili etkinlikleri, \u00e7ocuklara unutulmaz anlar ya\u015fatt\u0131. Bu kapsamda tatil boyunca tiyatro g\u00f6sterileri, m\u00fcze gezileri, oyun at\u00f6lyeleri ve robotik kodlama e\u011fitimleri gibi bir\u00e7ok e\u011flenceli ve \u00f6\u011fretici etkinlik ger\u00e7ekle\u015ftirildi. Bayrakl\u0131 Belediye Ba\u015fkan\u0131 \u0130rfan \u00d6nal, &#8220;\u00c7ocuklar\u0131m\u0131z\u0131n tatilini en iyi \u015fekilde, keyifle ge\u00e7irmesi i\u00e7in haz\u0131rlad\u0131\u011f\u0131m\u0131z etkinliklerde \u00e7ocuklar\u0131m\u0131z\u0131 bir araya getirdik. Yo\u011fun ders programlar\u0131n\u0131n ard\u0131ndan&#8230;<\/p>\n","protected":false},"author":1,"featured_media":14310,"comment_status":"open","ping_status":"open","sticky":false,"template":"","format":"standard","meta":{"_crdt_document":"","footnotes":""},"categories":[1],"tags":[],"class_list":["post-14309","post","type-post","status-publish","format-standard","has-post-thumbnail","hentry","category-guncel"],"_links":{"self":[{"href":"https:\/\/www.egemtv.com\/index.php?rest_route=\/wp\/v2\/posts\/14309","targetHints":{"allow":["GET"]}}],"collection":[{"href":"https:\/\/www.egemtv.com\/index.php?rest_route=\/wp\/v2\/posts"}],"about":[{"href":"https:\/\/www.egemtv.com\/index.php?rest_route=\/wp\/v2\/types\/post"}],"author":[{"embeddable":true,"href":"https:\/\/www.egemtv.com\/index.php?rest_route=\/wp\/v2\/users\/1"}],"replies":[{"embeddable":true,"href":"https:\/\/www.egemtv.com\/index.php?rest_route=%2Fwp%2Fv2%2Fcomments&post=14309"}],"version-history":[{"count":1,"href":"https:\/\/www.egemtv.com\/index.php?rest_route=\/wp\/v2\/posts\/14309\/revisions"}],"predecessor-version":[{"id":14311,"href":"https:\/\/www.egemtv.com\/index.php?rest_route=\/wp\/v2\/posts\/14309\/revisions\/14311"}],"wp:featuredmedia":[{"embeddable":true,"href":"https:\/\/www.egemtv.com\/index.php?rest_route=\/wp\/v2\/media\/14310"}],"wp:attachment":[{"href":"https:\/\/www.egemtv.com\/index.php?rest_route=%2Fwp%2Fv2%2Fmedia&parent=14309"}],"wp:term":[{"taxonomy":"category","embeddable":true,"href":"https:\/\/www.egemtv.com\/index.php?rest_route=%2Fwp%2Fv2%2Fcategories&post=14309"},{"taxonomy":"post_tag","embeddable":true,"href":"https:\/\/www.egemtv.com\/index.php?rest_route=%2Fwp%2Fv2%2Ftags&post=14309"}],"curies":[{"name":"wp","href":"https:\/\/api.w.org\/{rel}","templated":true}]}}