{"id":14306,"date":"2025-02-01T11:08:31","date_gmt":"2025-02-01T08:08:31","guid":{"rendered":"https:\/\/www.egemtv.com\/?p=14306"},"modified":"2025-02-01T11:08:36","modified_gmt":"2025-02-01T08:08:36","slug":"kuyucak-ve-incirliovali-ureticiler-tarim-sigortalari-hakkinda-bilgilendirildi","status":"publish","type":"post","link":"https:\/\/www.egemtv.com\/?p=14306","title":{"rendered":"Kuyucak ve \u0130ncirlioval\u0131 \u00fcreticiler tar\u0131m sigortalar\u0131 hakk\u0131nda bilgilendirildi"},"content":{"rendered":"<p>Ayd\u0131n\u2019\u0131n Kuyucak ve \u0130ncirliova il\u00e7elerindeki \u00fcreticilere Tar\u0131m Sigortalar\u0131 Havuzu\u2019nun (TARS\u0130M) \u00f6nemi anlat\u0131larak bilgilendirildi.<\/p>\n<p>T\u00fcrkiye\u2019nin \u00f6nemli tar\u0131m kentlerinden olan Ayd\u0131n\u2019da, \u0130l Tar\u0131m ve Orman M\u00fcd\u00fcrl\u00fc\u011f\u00fc koordinesinde \u00fcreticilere y\u00f6nelik bilgilendirme \u00e7al\u0131\u015fmalar\u0131 devam ediyor. Bu \u00e7er\u00e7evede Kuyucak ve \u0130ncirliova il\u00e7elerini ziyaret eden Ayd\u0131n \u0130l Tar\u0131m ve Orman M\u00fcd\u00fcrl\u00fc\u011f\u00fc ekipleri \u00fcreticiler ile bir araya geldi. Kuyucak ve \u0130ncirliova il\u00e7elerinde ger\u00e7ekle\u015ftirilen toplant\u0131larda tar\u0131m sigortalar\u0131 ile ilgili sunum yap\u0131ld\u0131. Kar\u015f\u0131l\u0131kl\u0131 soru cevap \u015feklinde devam eden toplant\u0131lara; Koordinasyon ve Tar\u0131msal Veriler \u015eube M\u00fcd\u00fcr\u00fc Adem Kaplan, Kuyucak \u0130l\u00e7e M\u00fcd\u00fcr\u00fc Hatice Suzan Y\u00f6re, \u0130ncirliova \u0130l\u00e7e M\u00fcd\u00fcr V. T\u00fclay \u00c7i\u011fdem, Tar\u0131m ve Orman \u0130l M\u00fcd\u00fcrl\u00fc\u011f\u00fc teknik personeli, muhtarlar ve \u00fcreticiler kat\u0131ld\u0131.<br \/><\/p>\n","protected":false},"excerpt":{"rendered":"<p>Ayd\u0131n\u2019\u0131n Kuyucak ve \u0130ncirliova il\u00e7elerindeki \u00fcreticilere Tar\u0131m Sigortalar\u0131 Havuzu\u2019nun (TARS\u0130M) \u00f6nemi anlat\u0131larak bilgilendirildi. T\u00fcrkiye\u2019nin \u00f6nemli tar\u0131m kentlerinden olan Ayd\u0131n\u2019da, \u0130l Tar\u0131m ve Orman M\u00fcd\u00fcrl\u00fc\u011f\u00fc koordinesinde \u00fcreticilere y\u00f6nelik bilgilendirme \u00e7al\u0131\u015fmalar\u0131 devam ediyor. Bu \u00e7er\u00e7evede Kuyucak ve \u0130ncirliova il\u00e7elerini ziyaret eden Ayd\u0131n \u0130l Tar\u0131m ve Orman M\u00fcd\u00fcrl\u00fc\u011f\u00fc ekipleri \u00fcreticiler ile bir araya geldi. Kuyucak ve \u0130ncirliova il\u00e7elerinde&#8230;<\/p>\n","protected":false},"author":1,"featured_media":14307,"comment_status":"open","ping_status":"open","sticky":false,"template":"","format":"standard","meta":{"_crdt_document":"","footnotes":""},"categories":[1],"tags":[],"class_list":["post-14306","post","type-post","status-publish","format-standard","has-post-thumbnail","hentry","category-guncel"],"_links":{"self":[{"href":"https:\/\/www.egemtv.com\/index.php?rest_route=\/wp\/v2\/posts\/14306","targetHints":{"allow":["GET"]}}],"collection":[{"href":"https:\/\/www.egemtv.com\/index.php?rest_route=\/wp\/v2\/posts"}],"about":[{"href":"https:\/\/www.egemtv.com\/index.php?rest_route=\/wp\/v2\/types\/post"}],"author":[{"embeddable":true,"href":"https:\/\/www.egemtv.com\/index.php?rest_route=\/wp\/v2\/users\/1"}],"replies":[{"embeddable":true,"href":"https:\/\/www.egemtv.com\/index.php?rest_route=%2Fwp%2Fv2%2Fcomments&post=14306"}],"version-history":[{"count":1,"href":"https:\/\/www.egemtv.com\/index.php?rest_route=\/wp\/v2\/posts\/14306\/revisions"}],"predecessor-version":[{"id":14308,"href":"https:\/\/www.egemtv.com\/index.php?rest_route=\/wp\/v2\/posts\/14306\/revisions\/14308"}],"wp:featuredmedia":[{"embeddable":true,"href":"https:\/\/www.egemtv.com\/index.php?rest_route=\/wp\/v2\/media\/14307"}],"wp:attachment":[{"href":"https:\/\/www.egemtv.com\/index.php?rest_route=%2Fwp%2Fv2%2Fmedia&parent=14306"}],"wp:term":[{"taxonomy":"category","embeddable":true,"href":"https:\/\/www.egemtv.com\/index.php?rest_route=%2Fwp%2Fv2%2Fcategories&post=14306"},{"taxonomy":"post_tag","embeddable":true,"href":"https:\/\/www.egemtv.com\/index.php?rest_route=%2Fwp%2Fv2%2Ftags&post=14306"}],"curies":[{"name":"wp","href":"https:\/\/api.w.org\/{rel}","templated":true}]}}