{"id":14302,"date":"2025-02-01T11:01:05","date_gmt":"2025-02-01T08:01:05","guid":{"rendered":"https:\/\/www.egemtv.com\/?p=14302"},"modified":"2025-02-01T11:01:08","modified_gmt":"2025-02-01T08:01:08","slug":"aydinda-sibergoz-operasyonu-11-supheli-hakkinda-adli-islem-baslatildi","status":"publish","type":"post","link":"https:\/\/www.egemtv.com\/?p=14302","title":{"rendered":"Ayd\u0131n\u2019da Siberg\u00f6z operasyonu: 11 \u015f\u00fcpheli hakk\u0131nda adli i\u015flem ba\u015flat\u0131ld\u0131"},"content":{"rendered":"<p>Ayd\u0131n\u2019da ger\u00e7ekle\u015ftirilen Siberg\u00f6z operasyonunda 11 \u015f\u00fcpheli hakk\u0131nda adli i\u015flem ba\u015flat\u0131ld\u0131.<br \/>\n<br \/>Ayd\u0131n \u0130l Jandarma Komutanl\u0131\u011f\u0131nca Huzur ve G\u00fcven uygulamalar\u0131 kapsam\u0131nda 201 personelin kat\u0131l\u0131m\u0131yla Siberg\u00f6z operasyonu ger\u00e7ekle\u015ftirildi.  Siber Su\u00e7larla M\u00fccadele \u015eube M\u00fcd\u00fcrl\u00fc\u011f\u00fcnce icra edilen sanal devriye faaliyetleri sonucunda Efeler, Germencik ve Nazilli il\u00e7elerinde 8 \u015f\u00fcpheli \u015fah\u0131s hakk\u0131nda &#8220;M\u00fcstehcenlik&#8221;, Efeler ve Ku\u015fadas\u0131 il\u00e7elerinde 3 \u015f\u00fcpheli \u015fah\u0131s hakk\u0131nda &#8220;Yasad\u0131\u015f\u0131 Bahis ve 5607 SKM&#8221; su\u00e7 i\u00e7erikli payla\u015f\u0131mlar yapt\u0131klar\u0131 tespit edilerek yakaland\u0131. 11 \u015f\u00fcpheli hakk\u0131nda adli i\u015flemlere ba\u015fland\u0131. Faaliyette, 177 i\u015fletme ve 12 derne\u011fin kontrol\u00fc yap\u0131larak 5 bin 665 \u015fah\u0131s sorgulanarak ve \u00e7e\u015fitli su\u00e7lardan aranan 14 aranan \u015fah\u0131s yakaland\u0131.<br \/><\/p>\n","protected":false},"excerpt":{"rendered":"<p>Ayd\u0131n\u2019da ger\u00e7ekle\u015ftirilen Siberg\u00f6z operasyonunda 11 \u015f\u00fcpheli hakk\u0131nda adli i\u015flem ba\u015flat\u0131ld\u0131. Ayd\u0131n \u0130l Jandarma Komutanl\u0131\u011f\u0131nca Huzur ve G\u00fcven uygulamalar\u0131 kapsam\u0131nda 201 personelin kat\u0131l\u0131m\u0131yla Siberg\u00f6z operasyonu ger\u00e7ekle\u015ftirildi. Siber Su\u00e7larla M\u00fccadele \u015eube M\u00fcd\u00fcrl\u00fc\u011f\u00fcnce icra edilen sanal devriye faaliyetleri sonucunda Efeler, Germencik ve Nazilli il\u00e7elerinde 8 \u015f\u00fcpheli \u015fah\u0131s hakk\u0131nda &#8220;M\u00fcstehcenlik&#8221;, Efeler ve Ku\u015fadas\u0131 il\u00e7elerinde 3 \u015f\u00fcpheli \u015fah\u0131s hakk\u0131nda &#8220;Yasad\u0131\u015f\u0131&#8230;<\/p>\n","protected":false},"author":1,"featured_media":14304,"comment_status":"open","ping_status":"open","sticky":false,"template":"","format":"standard","meta":{"_crdt_document":"","footnotes":""},"categories":[5],"tags":[],"class_list":["post-14302","post","type-post","status-publish","format-standard","has-post-thumbnail","hentry","category-asayis"],"_links":{"self":[{"href":"https:\/\/www.egemtv.com\/index.php?rest_route=\/wp\/v2\/posts\/14302","targetHints":{"allow":["GET"]}}],"collection":[{"href":"https:\/\/www.egemtv.com\/index.php?rest_route=\/wp\/v2\/posts"}],"about":[{"href":"https:\/\/www.egemtv.com\/index.php?rest_route=\/wp\/v2\/types\/post"}],"author":[{"embeddable":true,"href":"https:\/\/www.egemtv.com\/index.php?rest_route=\/wp\/v2\/users\/1"}],"replies":[{"embeddable":true,"href":"https:\/\/www.egemtv.com\/index.php?rest_route=%2Fwp%2Fv2%2Fcomments&post=14302"}],"version-history":[{"count":1,"href":"https:\/\/www.egemtv.com\/index.php?rest_route=\/wp\/v2\/posts\/14302\/revisions"}],"predecessor-version":[{"id":14305,"href":"https:\/\/www.egemtv.com\/index.php?rest_route=\/wp\/v2\/posts\/14302\/revisions\/14305"}],"wp:featuredmedia":[{"embeddable":true,"href":"https:\/\/www.egemtv.com\/index.php?rest_route=\/wp\/v2\/media\/14304"}],"wp:attachment":[{"href":"https:\/\/www.egemtv.com\/index.php?rest_route=%2Fwp%2Fv2%2Fmedia&parent=14302"}],"wp:term":[{"taxonomy":"category","embeddable":true,"href":"https:\/\/www.egemtv.com\/index.php?rest_route=%2Fwp%2Fv2%2Fcategories&post=14302"},{"taxonomy":"post_tag","embeddable":true,"href":"https:\/\/www.egemtv.com\/index.php?rest_route=%2Fwp%2Fv2%2Ftags&post=14302"}],"curies":[{"name":"wp","href":"https:\/\/api.w.org\/{rel}","templated":true}]}}