{"id":14300,"date":"2025-02-01T11:01:01","date_gmt":"2025-02-01T08:01:01","guid":{"rendered":"https:\/\/www.egemtv.com\/?p=14300"},"modified":"2025-02-01T11:01:05","modified_gmt":"2025-02-01T08:01:05","slug":"temel-kazisinda-hasar-alinca-is-makineleriyle-desteklenen-bina-kontrollu-olarak-yikildi","status":"publish","type":"post","link":"https:\/\/www.egemtv.com\/?p=14300","title":{"rendered":"Temel kaz\u0131s\u0131nda hasar al\u0131nca i\u015f makineleriyle desteklenen bina kontroll\u00fc olarak y\u0131k\u0131ld\u0131"},"content":{"rendered":"<p>Denizli\u2019nin Sarayk\u00f6y il\u00e7esinde yap\u0131lan temel kaz\u0131s\u0131 sonras\u0131 hasar alan 3 katl\u0131 i\u015fyeri, b\u00fcy\u00fck bir g\u00fcr\u00fclt\u00fcyle yandaki apartmandan ayr\u0131ld\u0131.  Y\u0131k\u0131lmamas\u0131 i\u00e7in i\u015f makineleriyle desteklenen i\u015fyeri, tahliye edilmesinin ard\u0131ndan kontroll\u00fc olarak y\u0131k\u0131ld\u0131.<\/p>\n<p>Olay, Sarayk\u00f6y il\u00e7e merkezinde bulunan Turan Mahallesi 24 May\u0131s Caddesinde meydana geldi.  Edinilen bilgiye g\u00f6re; caddede bulunan A.R.\u00d6. ve A.\u00d6. isimli karde\u015flere ait eski bina y\u0131k\u0131larak, yap\u0131lacak yeni in\u015faat i\u00e7in temel kaz\u0131s\u0131 yap\u0131ld\u0131. Gece saatlerinde \u00f6nce temel kaz\u0131s\u0131n\u0131n yap\u0131ld\u0131\u011f\u0131 kald\u0131r\u0131mda bulunan telefon hatt\u0131 panosu a\u00e7\u0131lan \u00e7ukura d\u00fc\u015ft\u00fc, ard\u0131ndan ise \u015febeke borusunda patlak meydana geldi. Patlayan borudan akan tazyikli su, \u00e7al\u0131\u015fman\u0131n yap\u0131ld\u0131\u011f\u0131 alana kom\u015fu olan Y.\u00d6.\u2019ye ait 3 katl\u0131 i\u015fyerinin temelinde g\u00f6\u00e7\u00fc\u011fe neden oldu.<\/p>\n<p>Bina g\u00fcr\u00fclt\u00fcn\u00fcn ard\u0131ndan yandaki apartmandan ayr\u0131ld\u0131<br \/>\n<br \/>Temel kaz\u0131s\u0131 yap\u0131lan alan\u0131n yan\u0131nda bulunan 3 katl\u0131 i\u015fyeri, sabah saatlerinde b\u00fcy\u00fck bir g\u00fcr\u00fclt\u00fcyle yine in\u015faat sahibi aileye ait olan 5 katl\u0131 apartmandan ayr\u0131larak, b\u00fcy\u00fck bir \u00e7atlak olu\u015ftu. Binan\u0131n y\u0131k\u0131lmak \u00fczere oldu\u011funu g\u00f6ren \u00e7evre sakinlerinin durumu bildirmesi \u00fczerine a\u011f\u0131r hasar alan i\u015f yerinin y\u0131k\u0131lmamas\u0131 i\u00e7in b\u00fcy\u00fck bir kep\u00e7e ile destek yap\u0131ld\u0131. Al\u0131nan \u00f6nlemin ard\u0131ndan binada kirac\u0131 olarak bulunan anahtarc\u0131, i\u015fyerini tahliye etti. Kentin en i\u015flek noktas\u0131ndaki caddede bulunan i\u015f yerinin olu\u015fturdu\u011fu tehdit nedeniyle binaya ikinci bir i\u015f makinesiyle daha destek sa\u011fland\u0131.<\/p>\n<p>Yap\u0131lan incelemelerin ard\u0131ndan kullan\u0131lmas\u0131 riskli g\u00f6r\u00fclen i\u015f yerinin y\u0131k\u0131lmas\u0131na karar verildi. Temel kaz\u0131s\u0131 yap\u0131l\u0131rken olu\u015fan hasar olu\u015fan 3 katl\u0131 i\u015fyeri, i\u015f makinesi taraf\u0131ndan kontroll\u00fc bir \u015fekilde y\u0131k\u0131ld\u0131. Y\u0131k\u0131m\u0131n tamamlanmas\u0131n\u0131n ard\u0131ndan hafriyat\u0131n ta\u015f\u0131nmas\u0131na ba\u015fland\u0131.<br \/><\/p>\n","protected":false},"excerpt":{"rendered":"<p>Denizli\u2019nin Sarayk\u00f6y il\u00e7esinde yap\u0131lan temel kaz\u0131s\u0131 sonras\u0131 hasar alan 3 katl\u0131 i\u015fyeri, b\u00fcy\u00fck bir g\u00fcr\u00fclt\u00fcyle yandaki apartmandan ayr\u0131ld\u0131. Y\u0131k\u0131lmamas\u0131 i\u00e7in i\u015f makineleriyle desteklenen i\u015fyeri, tahliye edilmesinin ard\u0131ndan kontroll\u00fc olarak y\u0131k\u0131ld\u0131. Olay, Sarayk\u00f6y il\u00e7e merkezinde bulunan Turan Mahallesi 24 May\u0131s Caddesinde meydana geldi. Edinilen bilgiye g\u00f6re; caddede bulunan A.R.\u00d6. ve A.\u00d6. isimli karde\u015flere ait eski bina&#8230;<\/p>\n","protected":false},"author":1,"featured_media":14301,"comment_status":"open","ping_status":"open","sticky":false,"template":"","format":"standard","meta":{"_crdt_document":"","footnotes":""},"categories":[5],"tags":[],"class_list":["post-14300","post","type-post","status-publish","format-standard","has-post-thumbnail","hentry","category-asayis"],"_links":{"self":[{"href":"https:\/\/www.egemtv.com\/index.php?rest_route=\/wp\/v2\/posts\/14300","targetHints":{"allow":["GET"]}}],"collection":[{"href":"https:\/\/www.egemtv.com\/index.php?rest_route=\/wp\/v2\/posts"}],"about":[{"href":"https:\/\/www.egemtv.com\/index.php?rest_route=\/wp\/v2\/types\/post"}],"author":[{"embeddable":true,"href":"https:\/\/www.egemtv.com\/index.php?rest_route=\/wp\/v2\/users\/1"}],"replies":[{"embeddable":true,"href":"https:\/\/www.egemtv.com\/index.php?rest_route=%2Fwp%2Fv2%2Fcomments&post=14300"}],"version-history":[{"count":1,"href":"https:\/\/www.egemtv.com\/index.php?rest_route=\/wp\/v2\/posts\/14300\/revisions"}],"predecessor-version":[{"id":14303,"href":"https:\/\/www.egemtv.com\/index.php?rest_route=\/wp\/v2\/posts\/14300\/revisions\/14303"}],"wp:featuredmedia":[{"embeddable":true,"href":"https:\/\/www.egemtv.com\/index.php?rest_route=\/wp\/v2\/media\/14301"}],"wp:attachment":[{"href":"https:\/\/www.egemtv.com\/index.php?rest_route=%2Fwp%2Fv2%2Fmedia&parent=14300"}],"wp:term":[{"taxonomy":"category","embeddable":true,"href":"https:\/\/www.egemtv.com\/index.php?rest_route=%2Fwp%2Fv2%2Fcategories&post=14300"},{"taxonomy":"post_tag","embeddable":true,"href":"https:\/\/www.egemtv.com\/index.php?rest_route=%2Fwp%2Fv2%2Ftags&post=14300"}],"curies":[{"name":"wp","href":"https:\/\/api.w.org\/{rel}","templated":true}]}}