{"id":14291,"date":"2025-02-01T10:31:02","date_gmt":"2025-02-01T07:31:02","guid":{"rendered":"https:\/\/www.egemtv.com\/?p=14291"},"modified":"2025-02-01T10:31:07","modified_gmt":"2025-02-01T07:31:07","slug":"pamukkalede-kurulan-fuarlarda-1-tona-yakin-hileli-urun-ele-gecirildi","status":"publish","type":"post","link":"https:\/\/www.egemtv.com\/?p=14291","title":{"rendered":"Pamukkale\u2019de kurulan fuarlarda 1 tona yak\u0131n hileli \u00fcr\u00fcn ele ge\u00e7irildi"},"content":{"rendered":"<p>DEN\u0130ZL\u0130 (\u0130HA) \u2013 Denizli\u2019nin Pamukkale il\u00e7esinde son 2 g\u00fcnde kurulan fuarlarda yap\u0131lan denetimlerde 1 tona yak\u0131n hileli zeytinya\u011f\u0131, sucuk, tereya\u011f\u0131, nar ek\u015fisi, pekmez ve bal ele gerildi. 9 firmaya 526 bin 254 TL ceza kesilen denetimlerde ele ge\u00e7irilen hileli g\u0131dalar imha edildi.<br \/>\n<br \/>Tar\u0131m ve Orman Bakanl\u0131\u011f\u0131 G\u0131da ve Kontrol Genel M\u00fcd\u00fcrl\u00fc\u011f\u00fc, Denizli\u2019nin Pamukkale il\u00e7esinde 30 ve 31 Ocak 2025 tarihlerinde kurulan fuar alanlar\u0131nda yap\u0131lan denetimlerinin sonu\u00e7lar\u0131n\u0131 resmi sosyal medya hesab\u0131ndan payla\u015ft\u0131. Yap\u0131lan payla\u015f\u0131mda, fuar\u0131 ziyaret eden vatanda\u015flara hileli g\u0131da \u00fcr\u00fcn\u00fc sat\u0131\u015f\u0131 yap\u0131lan firmalar afi\u015fe edildi.<br \/>\n<br \/>Fuar alanlar\u0131nda yap\u0131lan denetimlerde etiket bilgisi olmadan sat\u0131\u015fa sunulan 235 kilogram sucuk, 111 kilogram s\u00fcr\u00fclebilir ya\u011f, 75 kilogram tereya\u011f\u0131,  68 litre nar ek\u015fisi, 55 litre pekmez, 48 kilogram bal ve piyasaya arz\u0131 yasaklanan 409 litre zeytinya\u011f\u0131 tespit edildi\u011fi belirtildi. Ele ge\u00e7irilen hileli g\u0131da \u00fcr\u00fcnlerinden zeytinya\u011f\u0131 hari\u00e7 di\u011fer \u00fcr\u00fcnlerin g\u0131da kontrol g\u00f6revlileri g\u00f6zetiminde imha edildi\u011fi kaydedildi.<br \/>\n<br \/>Fuarlarda hileli g\u0131da sat\u0131\u015f\u0131 yapt\u0131\u011f\u0131 tespit edilen 9 farkl\u0131 g\u0131da i\u015fletmecisine toplam 526 bin 254 TL idari para cezas\u0131 uygulan\u0131rken, yap\u0131lan a\u00e7\u0131klamada; &#8220;Fuar ve panay\u0131r gibi organizasyonlar\u0131 hileli \u00fcr\u00fcnlerini sat\u0131\u015fa sunarak, t\u00fcketicileri yan\u0131ltmak i\u00e7in kullanan f\u0131rsat\u00e7\u0131lara g\u00f6z a\u00e7t\u0131rmad\u0131k, a\u00e7t\u0131rmayaca\u011f\u0131z&#8221; ifadelerine yer verildi.<br \/><\/p>\n","protected":false},"excerpt":{"rendered":"<p>DEN\u0130ZL\u0130 (\u0130HA) \u2013 Denizli\u2019nin Pamukkale il\u00e7esinde son 2 g\u00fcnde kurulan fuarlarda yap\u0131lan denetimlerde 1 tona yak\u0131n hileli zeytinya\u011f\u0131, sucuk, tereya\u011f\u0131, nar ek\u015fisi, pekmez ve bal ele gerildi. 9 firmaya 526 bin 254 TL ceza kesilen denetimlerde ele ge\u00e7irilen hileli g\u0131dalar imha edildi. Tar\u0131m ve Orman Bakanl\u0131\u011f\u0131 G\u0131da ve Kontrol Genel M\u00fcd\u00fcrl\u00fc\u011f\u00fc, Denizli\u2019nin Pamukkale il\u00e7esinde 30&#8230;<\/p>\n","protected":false},"author":1,"featured_media":14292,"comment_status":"open","ping_status":"open","sticky":false,"template":"","format":"standard","meta":{"_crdt_document":"","footnotes":""},"categories":[1],"tags":[],"class_list":["post-14291","post","type-post","status-publish","format-standard","has-post-thumbnail","hentry","category-guncel"],"_links":{"self":[{"href":"https:\/\/www.egemtv.com\/index.php?rest_route=\/wp\/v2\/posts\/14291","targetHints":{"allow":["GET"]}}],"collection":[{"href":"https:\/\/www.egemtv.com\/index.php?rest_route=\/wp\/v2\/posts"}],"about":[{"href":"https:\/\/www.egemtv.com\/index.php?rest_route=\/wp\/v2\/types\/post"}],"author":[{"embeddable":true,"href":"https:\/\/www.egemtv.com\/index.php?rest_route=\/wp\/v2\/users\/1"}],"replies":[{"embeddable":true,"href":"https:\/\/www.egemtv.com\/index.php?rest_route=%2Fwp%2Fv2%2Fcomments&post=14291"}],"version-history":[{"count":1,"href":"https:\/\/www.egemtv.com\/index.php?rest_route=\/wp\/v2\/posts\/14291\/revisions"}],"predecessor-version":[{"id":14293,"href":"https:\/\/www.egemtv.com\/index.php?rest_route=\/wp\/v2\/posts\/14291\/revisions\/14293"}],"wp:featuredmedia":[{"embeddable":true,"href":"https:\/\/www.egemtv.com\/index.php?rest_route=\/wp\/v2\/media\/14292"}],"wp:attachment":[{"href":"https:\/\/www.egemtv.com\/index.php?rest_route=%2Fwp%2Fv2%2Fmedia&parent=14291"}],"wp:term":[{"taxonomy":"category","embeddable":true,"href":"https:\/\/www.egemtv.com\/index.php?rest_route=%2Fwp%2Fv2%2Fcategories&post=14291"},{"taxonomy":"post_tag","embeddable":true,"href":"https:\/\/www.egemtv.com\/index.php?rest_route=%2Fwp%2Fv2%2Ftags&post=14291"}],"curies":[{"name":"wp","href":"https:\/\/api.w.org\/{rel}","templated":true}]}}