{"id":14288,"date":"2025-02-01T10:17:57","date_gmt":"2025-02-01T07:17:57","guid":{"rendered":"https:\/\/www.egemtv.com\/?p=14288"},"modified":"2025-02-01T10:18:01","modified_gmt":"2025-02-01T07:18:01","slug":"denizlide-2-bin-yillik-kral-taci-yakalandi","status":"publish","type":"post","link":"https:\/\/www.egemtv.com\/?p=14288","title":{"rendered":"Denizli\u2019de 2 bin y\u0131ll\u0131k kral tac\u0131 yakaland\u0131"},"content":{"rendered":"<p>Denizli\u2019de Helenistik d\u00f6neme ait 2 bin y\u0131ll\u0131k kral tac\u0131 ile birlikte \u00e7ok say\u0131da tarihi eseri satmaya \u00e7al\u0131\u015fan \u015f\u00fcpheli, jandarman\u0131n d\u00fczenledi\u011fi operasyonla yakalanarak cezaevine g\u00f6nderildi.<br \/>\n<br \/>Denizli\u2019de k\u00fclt\u00fcr ve tabiat varl\u0131\u011f\u0131 ka\u00e7ak\u00e7\u0131l\u0131\u011f\u0131 yapan \u015fah\u0131slara y\u00f6nelik olarak Sarayk\u00f6y Cumhuriyet Ba\u015fsavc\u0131l\u0131\u011f\u0131 koordinesinde Denizli \u0130l Jandarma Komutanl\u0131\u011f\u0131 ekipleri taraf\u0131ndan icra edilen operasyonda, ellerinde tarihi eser bulunduran ve bunlar\u0131 satmaya \u00e7al\u0131\u015ft\u0131\u011f\u0131 \u00f6\u011frenilen bir \u015f\u00fcpheli takibe al\u0131nd\u0131. Gerekli takibin tamamlanmas\u0131n\u0131n ard\u0131ndan Jandarma KOM ve Sarayk\u00f6y \u0130l\u00e7e Jandarma Komutanl\u0131\u011f\u0131 ekipleri taraf\u0131ndan ger\u00e7ekle\u015ftirilen m\u00fc\u015fterek operasyonda, \u015f\u00fcpheli S.\u00c7.\u2019nin kulland\u0131\u011f\u0131 otomobil kontrol noktas\u0131nda durduruldu. Ara\u00e7ta yap\u0131lan aramada g\u00f6z\u00fck k\u0131l\u0131flar\u0131 i\u00e7erisine gizlemi\u015f 70 gram a\u011f\u0131rl\u0131\u011f\u0131nda alt\u0131n yapraktan olu\u015fan alt\u0131n kral tac\u0131 par\u00e7alar\u0131 ile 2 adet bronz sikke ve 1 adet g\u00fcm\u00fc\u015f y\u00fcz\u00fck ele ge\u00e7irdi.<br \/>\n<br \/>Ara\u00e7ta bulunan s\u00fcr\u00fcc\u00fc S.\u00c7. ile C.K. g\u00f6zalt\u0131na al\u0131nd\u0131. Jandarmadaki i\u015flemlerinin ard\u0131ndan adliyeye sevk edilen 2 \u015f\u00fcpheliden S.\u00c7. tutuklanarak cezaevine g\u00f6nderilirken, C.K. ise adli kontrolle serbest b\u0131rak\u0131ld\u0131. Operasyonda ele ge\u00e7irilen tarihi eserlerin incelenmesinde, ele ge\u00e7irilen alt\u0131n tac\u0131n milattan \u00f6nce Helenistik d\u00f6nem 1 ve 3\u2019\u00fcnc\u00fc y\u00fczy\u0131llarda krallar\u0131n takt\u0131\u011f\u0131 ta\u00e7 oldu\u011fu belirlendi.<br \/><\/p>\n","protected":false},"excerpt":{"rendered":"<p>Denizli\u2019de Helenistik d\u00f6neme ait 2 bin y\u0131ll\u0131k kral tac\u0131 ile birlikte \u00e7ok say\u0131da tarihi eseri satmaya \u00e7al\u0131\u015fan \u015f\u00fcpheli, jandarman\u0131n d\u00fczenledi\u011fi operasyonla yakalanarak cezaevine g\u00f6nderildi. Denizli\u2019de k\u00fclt\u00fcr ve tabiat varl\u0131\u011f\u0131 ka\u00e7ak\u00e7\u0131l\u0131\u011f\u0131 yapan \u015fah\u0131slara y\u00f6nelik olarak Sarayk\u00f6y Cumhuriyet Ba\u015fsavc\u0131l\u0131\u011f\u0131 koordinesinde Denizli \u0130l Jandarma Komutanl\u0131\u011f\u0131 ekipleri taraf\u0131ndan icra edilen operasyonda, ellerinde tarihi eser bulunduran ve bunlar\u0131 satmaya \u00e7al\u0131\u015ft\u0131\u011f\u0131&#8230;<\/p>\n","protected":false},"author":1,"featured_media":14289,"comment_status":"open","ping_status":"open","sticky":false,"template":"","format":"standard","meta":{"_crdt_document":"","footnotes":""},"categories":[5],"tags":[],"class_list":["post-14288","post","type-post","status-publish","format-standard","has-post-thumbnail","hentry","category-asayis"],"_links":{"self":[{"href":"https:\/\/www.egemtv.com\/index.php?rest_route=\/wp\/v2\/posts\/14288","targetHints":{"allow":["GET"]}}],"collection":[{"href":"https:\/\/www.egemtv.com\/index.php?rest_route=\/wp\/v2\/posts"}],"about":[{"href":"https:\/\/www.egemtv.com\/index.php?rest_route=\/wp\/v2\/types\/post"}],"author":[{"embeddable":true,"href":"https:\/\/www.egemtv.com\/index.php?rest_route=\/wp\/v2\/users\/1"}],"replies":[{"embeddable":true,"href":"https:\/\/www.egemtv.com\/index.php?rest_route=%2Fwp%2Fv2%2Fcomments&post=14288"}],"version-history":[{"count":1,"href":"https:\/\/www.egemtv.com\/index.php?rest_route=\/wp\/v2\/posts\/14288\/revisions"}],"predecessor-version":[{"id":14290,"href":"https:\/\/www.egemtv.com\/index.php?rest_route=\/wp\/v2\/posts\/14288\/revisions\/14290"}],"wp:featuredmedia":[{"embeddable":true,"href":"https:\/\/www.egemtv.com\/index.php?rest_route=\/wp\/v2\/media\/14289"}],"wp:attachment":[{"href":"https:\/\/www.egemtv.com\/index.php?rest_route=%2Fwp%2Fv2%2Fmedia&parent=14288"}],"wp:term":[{"taxonomy":"category","embeddable":true,"href":"https:\/\/www.egemtv.com\/index.php?rest_route=%2Fwp%2Fv2%2Fcategories&post=14288"},{"taxonomy":"post_tag","embeddable":true,"href":"https:\/\/www.egemtv.com\/index.php?rest_route=%2Fwp%2Fv2%2Ftags&post=14288"}],"curies":[{"name":"wp","href":"https:\/\/api.w.org\/{rel}","templated":true}]}}