{"id":14285,"date":"2025-02-01T10:17:52","date_gmt":"2025-02-01T07:17:52","guid":{"rendered":"https:\/\/www.egemtv.com\/?p=14285"},"modified":"2025-02-01T10:17:56","modified_gmt":"2025-02-01T07:17:56","slug":"dron-ile-guvenlik-onlemi-alip-define-arayan-sahislari-jandarma-yakaladi","status":"publish","type":"post","link":"https:\/\/www.egemtv.com\/?p=14285","title":{"rendered":"Dron ile g\u00fcvenlik \u00f6nlemi al\u0131p define arayan \u015fah\u0131slar\u0131 jandarma yakalad\u0131"},"content":{"rendered":"<p>Afyonkarahisar\u2019da dron ile kendilerince g\u00fcvenlik \u00f6nlemi alarak ka\u00e7ak kaz\u0131 yapan 7 ki\u015fi jandarma taraf\u0131ndan yakaland\u0131.<br \/>\n<br \/>Olay, Emirda\u011f \u0130l\u00e7esi Emirin k\u00f6y\u00fc Tav\u015fantepe mevkiinde meydana geldi. Edinilen bilgilere g\u00f6re, b\u00f6lgede ka\u00e7ak kaz\u0131 yap\u0131ld\u0131\u011f\u0131 ihbar\u0131n\u0131 alan jandarma ekipleri b\u00f6lgeye giderek inceleme yapt\u0131. Ekipler ard\u0131ndan b\u00f6lgede S.A., A.Z., Y.O., Y.A., \u0130.K., M.D. ve A.\u00d6., isimli \u015fah\u0131slar\u0131n ka\u00e7ak kaz\u0131 yapt\u0131klar\u0131n\u0131 tespit etti. Ard\u0131ndan \u015fah\u0131slar g\u00f6zalt\u0131na al\u0131nd\u0131. B\u00f6lgede yap\u0131lan aramada ise dron, mini lazer, dedekt\u00f6r, navigasyon cihaz\u0131, dijital pusula, \u00e7eki\u00e7, k\u00fcrek ve elektronik malzemeler ile tabanca ele ge\u00e7irildi.<br \/>\n<br \/>Olay\u0131n ard\u0131ndan g\u00f6zalt\u0131na al\u0131nan \u015fah\u0131slar\u0131n i\u015flemlerinin devam etti\u011fi bildirildi.<br \/><\/p>\n","protected":false},"excerpt":{"rendered":"<p>Afyonkarahisar\u2019da dron ile kendilerince g\u00fcvenlik \u00f6nlemi alarak ka\u00e7ak kaz\u0131 yapan 7 ki\u015fi jandarma taraf\u0131ndan yakaland\u0131. Olay, Emirda\u011f \u0130l\u00e7esi Emirin k\u00f6y\u00fc Tav\u015fantepe mevkiinde meydana geldi. Edinilen bilgilere g\u00f6re, b\u00f6lgede ka\u00e7ak kaz\u0131 yap\u0131ld\u0131\u011f\u0131 ihbar\u0131n\u0131 alan jandarma ekipleri b\u00f6lgeye giderek inceleme yapt\u0131. Ekipler ard\u0131ndan b\u00f6lgede S.A., A.Z., Y.O., Y.A., \u0130.K., M.D. ve A.\u00d6., isimli \u015fah\u0131slar\u0131n ka\u00e7ak kaz\u0131 yapt\u0131klar\u0131n\u0131&#8230;<\/p>\n","protected":false},"author":1,"featured_media":14286,"comment_status":"open","ping_status":"open","sticky":false,"template":"","format":"standard","meta":{"_crdt_document":"","footnotes":""},"categories":[5],"tags":[],"class_list":["post-14285","post","type-post","status-publish","format-standard","has-post-thumbnail","hentry","category-asayis"],"_links":{"self":[{"href":"https:\/\/www.egemtv.com\/index.php?rest_route=\/wp\/v2\/posts\/14285","targetHints":{"allow":["GET"]}}],"collection":[{"href":"https:\/\/www.egemtv.com\/index.php?rest_route=\/wp\/v2\/posts"}],"about":[{"href":"https:\/\/www.egemtv.com\/index.php?rest_route=\/wp\/v2\/types\/post"}],"author":[{"embeddable":true,"href":"https:\/\/www.egemtv.com\/index.php?rest_route=\/wp\/v2\/users\/1"}],"replies":[{"embeddable":true,"href":"https:\/\/www.egemtv.com\/index.php?rest_route=%2Fwp%2Fv2%2Fcomments&post=14285"}],"version-history":[{"count":1,"href":"https:\/\/www.egemtv.com\/index.php?rest_route=\/wp\/v2\/posts\/14285\/revisions"}],"predecessor-version":[{"id":14287,"href":"https:\/\/www.egemtv.com\/index.php?rest_route=\/wp\/v2\/posts\/14285\/revisions\/14287"}],"wp:featuredmedia":[{"embeddable":true,"href":"https:\/\/www.egemtv.com\/index.php?rest_route=\/wp\/v2\/media\/14286"}],"wp:attachment":[{"href":"https:\/\/www.egemtv.com\/index.php?rest_route=%2Fwp%2Fv2%2Fmedia&parent=14285"}],"wp:term":[{"taxonomy":"category","embeddable":true,"href":"https:\/\/www.egemtv.com\/index.php?rest_route=%2Fwp%2Fv2%2Fcategories&post=14285"},{"taxonomy":"post_tag","embeddable":true,"href":"https:\/\/www.egemtv.com\/index.php?rest_route=%2Fwp%2Fv2%2Ftags&post=14285"}],"curies":[{"name":"wp","href":"https:\/\/api.w.org\/{rel}","templated":true}]}}