{"id":14282,"date":"2025-02-01T10:14:06","date_gmt":"2025-02-01T07:14:06","guid":{"rendered":"https:\/\/www.egemtv.com\/?p=14282"},"modified":"2025-02-01T10:14:10","modified_gmt":"2025-02-01T07:14:10","slug":"meteoroloji-uyardi-aydinda-hava-sicakliklari-dusecek","status":"publish","type":"post","link":"https:\/\/www.egemtv.com\/?p=14282","title":{"rendered":"Meteoroloji uyard\u0131: Ayd\u0131n\u2019da hava s\u0131cakl\u0131klar\u0131 d\u00fc\u015fecek"},"content":{"rendered":"<p>Meteoroloji Genel M\u00fcd\u00fcrl\u00fc\u011f\u00fc\u2019nden yap\u0131lan a\u00e7\u0131klamaya g\u00f6re, 4 \u015eubat 2025 Sal\u0131 g\u00fcn\u00fc itibar\u0131yla Ayd\u0131n ve \u00e7evresinde hava s\u0131cakl\u0131klar\u0131 \u00f6nemli bir d\u00fc\u015f\u00fc\u015f g\u00f6sterecek.<\/p>\n<p>Ayd\u0131n\u2019da y\u00fcksek bas\u0131n\u00e7 sisteminin etkisiyle, hava s\u0131cakl\u0131klar\u0131 6 ila 10 derece aras\u0131nda bir azalma g\u00f6sterecek ve mevsim normallerinin alt\u0131na inecek. Konuyla ilgili Meteoroloji Genel M\u00fcd\u00fcrl\u00fc\u011f\u00fc\u2019nden yap\u0131lan a\u00e7\u0131klamada, Yap\u0131lan son meteorolojik de\u011ferlendirmelere g\u00f6re, 4 \u015eubat 2025 Sal\u0131 g\u00fcn\u00fcnden itibaren hava s\u0131cakl\u0131klar\u0131n\u0131n b\u00f6lgemiz genelinde hissedilir derecede (6 ila 10 derece) azalarak mevsim normallerinin alt\u0131na inece\u011fi tahmin ediliyor. So\u011fuk havan\u0131n, kuzey y\u00f6nlerden kuvvetli olarak esmesi beklenen r\u00fczg\u00e2rlarla birlikte, Sal\u0131 g\u00fcn\u00fcnden itibaren 1 haftal\u0131k periyotta etkisini s\u00fcrd\u00fcrmesi bekleniyor. \u0130l Merkezlerimizde Sal\u0131 g\u00fcn\u00fcnden itibaren ger\u00e7ekle\u015fmesi beklenen g\u00fcn\u00fcn en y\u00fcksek ve en d\u00fc\u015f\u00fck hava s\u0131cakl\u0131klar\u0131n\u0131n a\u015fa\u011f\u0131da belirtilen de\u011ferlere kadar d\u00fc\u015fmesi bekleniyor&#8221; denildi.<\/p>\n<p>A\u00e7\u0131klamaya g\u00f6re Ayd\u0131n\u2019da hava s\u0131cakl\u0131klar\u0131; 4 \u015eubat Sal\u0131 g\u00fcn\u00fc en d\u00fc\u015f\u00fck 10 en y\u00fcksek 12, 5 \u015eubat \u00c7ar\u015famba g\u00fcn\u00fc en d\u00fc\u015f\u00fck 4 en y\u00fcksek 9 derece olacak.<br \/><\/p>\n","protected":false},"excerpt":{"rendered":"<p>Meteoroloji Genel M\u00fcd\u00fcrl\u00fc\u011f\u00fc\u2019nden yap\u0131lan a\u00e7\u0131klamaya g\u00f6re, 4 \u015eubat 2025 Sal\u0131 g\u00fcn\u00fc itibar\u0131yla Ayd\u0131n ve \u00e7evresinde hava s\u0131cakl\u0131klar\u0131 \u00f6nemli bir d\u00fc\u015f\u00fc\u015f g\u00f6sterecek. Ayd\u0131n\u2019da y\u00fcksek bas\u0131n\u00e7 sisteminin etkisiyle, hava s\u0131cakl\u0131klar\u0131 6 ila 10 derece aras\u0131nda bir azalma g\u00f6sterecek ve mevsim normallerinin alt\u0131na inecek. Konuyla ilgili Meteoroloji Genel M\u00fcd\u00fcrl\u00fc\u011f\u00fc\u2019nden yap\u0131lan a\u00e7\u0131klamada, Yap\u0131lan son meteorolojik de\u011ferlendirmelere g\u00f6re, 4 \u015eubat&#8230;<\/p>\n","protected":false},"author":1,"featured_media":14283,"comment_status":"open","ping_status":"open","sticky":false,"template":"","format":"standard","meta":{"_crdt_document":"","footnotes":""},"categories":[1],"tags":[],"class_list":["post-14282","post","type-post","status-publish","format-standard","has-post-thumbnail","hentry","category-guncel"],"_links":{"self":[{"href":"https:\/\/www.egemtv.com\/index.php?rest_route=\/wp\/v2\/posts\/14282","targetHints":{"allow":["GET"]}}],"collection":[{"href":"https:\/\/www.egemtv.com\/index.php?rest_route=\/wp\/v2\/posts"}],"about":[{"href":"https:\/\/www.egemtv.com\/index.php?rest_route=\/wp\/v2\/types\/post"}],"author":[{"embeddable":true,"href":"https:\/\/www.egemtv.com\/index.php?rest_route=\/wp\/v2\/users\/1"}],"replies":[{"embeddable":true,"href":"https:\/\/www.egemtv.com\/index.php?rest_route=%2Fwp%2Fv2%2Fcomments&post=14282"}],"version-history":[{"count":1,"href":"https:\/\/www.egemtv.com\/index.php?rest_route=\/wp\/v2\/posts\/14282\/revisions"}],"predecessor-version":[{"id":14284,"href":"https:\/\/www.egemtv.com\/index.php?rest_route=\/wp\/v2\/posts\/14282\/revisions\/14284"}],"wp:featuredmedia":[{"embeddable":true,"href":"https:\/\/www.egemtv.com\/index.php?rest_route=\/wp\/v2\/media\/14283"}],"wp:attachment":[{"href":"https:\/\/www.egemtv.com\/index.php?rest_route=%2Fwp%2Fv2%2Fmedia&parent=14282"}],"wp:term":[{"taxonomy":"category","embeddable":true,"href":"https:\/\/www.egemtv.com\/index.php?rest_route=%2Fwp%2Fv2%2Fcategories&post=14282"},{"taxonomy":"post_tag","embeddable":true,"href":"https:\/\/www.egemtv.com\/index.php?rest_route=%2Fwp%2Fv2%2Ftags&post=14282"}],"curies":[{"name":"wp","href":"https:\/\/api.w.org\/{rel}","templated":true}]}}