{"id":14279,"date":"2025-02-01T10:06:50","date_gmt":"2025-02-01T07:06:50","guid":{"rendered":"https:\/\/www.egemtv.com\/?p=14279"},"modified":"2025-02-01T10:06:55","modified_gmt":"2025-02-01T07:06:55","slug":"feto-firarisi-sahsi-polis-yakaladi","status":"publish","type":"post","link":"https:\/\/www.egemtv.com\/?p=14279","title":{"rendered":"FET\u00d6 firarisi \u015fahs\u0131 polis yakalad\u0131"},"content":{"rendered":"<p>Afyonkarahisar\u2019da FET\u00d6\u2019n\u00fcn s\u00f6zde m\u00fctevelli yap\u0131lanmas\u0131nda yer alan ve 6 y\u0131l 3 ay hapis cezas\u0131yla aranan \u015fahs\u0131 polis yakalad\u0131.<br \/>\n<br \/>Edinilen bilgilere g\u00f6re, Afyonkarahisar \u0130l Emniyet M\u00fcd\u00fcrl\u00fc\u011f\u00fc ekipleri FET\u00d6\/PDY silahl\u0131 ter\u00f6r \u00f6rg\u00fct\u00fc \u00fcyesi olma su\u00e7undan 2019 y\u0131l\u0131nda Afyonkarahisar Cumhuriyet Ba\u015fsavc\u0131l\u0131\u011f\u0131 taraf\u0131ndan hakk\u0131nda i\u015flem yap\u0131lan, \u00f6rg\u00fct m\u00fctevelli yap\u0131lanmas\u0131nda yer alan ve 6 y\u0131l 3 ay hapis cezas\u0131yla aranan E.T., isimli \u015fahs\u0131 yakalamak i\u00e7in \u00e7al\u0131\u015fma ba\u015flatt\u0131. \u015eahs\u0131n pe\u015fine d\u00fc\u015fen ekipler \u015f\u00fcpheliyi kent merkezinde yakalayarak g\u00f6zalt\u0131na ald\u0131. \u015eah\u0131s i\u015flemleri sonras\u0131 sevk edildi\u011fi mahkeme taraf\u0131ndan tutuklanarak cezaevine g\u00f6nderildi.<br \/><\/p>\n","protected":false},"excerpt":{"rendered":"<p>Afyonkarahisar\u2019da FET\u00d6\u2019n\u00fcn s\u00f6zde m\u00fctevelli yap\u0131lanmas\u0131nda yer alan ve 6 y\u0131l 3 ay hapis cezas\u0131yla aranan \u015fahs\u0131 polis yakalad\u0131. Edinilen bilgilere g\u00f6re, Afyonkarahisar \u0130l Emniyet M\u00fcd\u00fcrl\u00fc\u011f\u00fc ekipleri FET\u00d6\/PDY silahl\u0131 ter\u00f6r \u00f6rg\u00fct\u00fc \u00fcyesi olma su\u00e7undan 2019 y\u0131l\u0131nda Afyonkarahisar Cumhuriyet Ba\u015fsavc\u0131l\u0131\u011f\u0131 taraf\u0131ndan hakk\u0131nda i\u015flem yap\u0131lan, \u00f6rg\u00fct m\u00fctevelli yap\u0131lanmas\u0131nda yer alan ve 6 y\u0131l 3 ay hapis cezas\u0131yla aranan&#8230;<\/p>\n","protected":false},"author":1,"featured_media":14280,"comment_status":"open","ping_status":"open","sticky":false,"template":"","format":"standard","meta":{"_crdt_document":"","footnotes":""},"categories":[5],"tags":[],"class_list":["post-14279","post","type-post","status-publish","format-standard","has-post-thumbnail","hentry","category-asayis"],"_links":{"self":[{"href":"https:\/\/www.egemtv.com\/index.php?rest_route=\/wp\/v2\/posts\/14279","targetHints":{"allow":["GET"]}}],"collection":[{"href":"https:\/\/www.egemtv.com\/index.php?rest_route=\/wp\/v2\/posts"}],"about":[{"href":"https:\/\/www.egemtv.com\/index.php?rest_route=\/wp\/v2\/types\/post"}],"author":[{"embeddable":true,"href":"https:\/\/www.egemtv.com\/index.php?rest_route=\/wp\/v2\/users\/1"}],"replies":[{"embeddable":true,"href":"https:\/\/www.egemtv.com\/index.php?rest_route=%2Fwp%2Fv2%2Fcomments&post=14279"}],"version-history":[{"count":1,"href":"https:\/\/www.egemtv.com\/index.php?rest_route=\/wp\/v2\/posts\/14279\/revisions"}],"predecessor-version":[{"id":14281,"href":"https:\/\/www.egemtv.com\/index.php?rest_route=\/wp\/v2\/posts\/14279\/revisions\/14281"}],"wp:featuredmedia":[{"embeddable":true,"href":"https:\/\/www.egemtv.com\/index.php?rest_route=\/wp\/v2\/media\/14280"}],"wp:attachment":[{"href":"https:\/\/www.egemtv.com\/index.php?rest_route=%2Fwp%2Fv2%2Fmedia&parent=14279"}],"wp:term":[{"taxonomy":"category","embeddable":true,"href":"https:\/\/www.egemtv.com\/index.php?rest_route=%2Fwp%2Fv2%2Fcategories&post=14279"},{"taxonomy":"post_tag","embeddable":true,"href":"https:\/\/www.egemtv.com\/index.php?rest_route=%2Fwp%2Fv2%2Ftags&post=14279"}],"curies":[{"name":"wp","href":"https:\/\/api.w.org\/{rel}","templated":true}]}}