{"id":14276,"date":"2025-02-01T10:04:14","date_gmt":"2025-02-01T07:04:14","guid":{"rendered":"https:\/\/www.egemtv.com\/?p=14276"},"modified":"2025-02-01T10:04:19","modified_gmt":"2025-02-01T07:04:19","slug":"denizlide-soguyan-havayla-birlikte-kar-yagisi-bekleniyor","status":"publish","type":"post","link":"https:\/\/www.egemtv.com\/?p=14276","title":{"rendered":"Denizli\u2019de so\u011fuyan havayla birlikte kar ya\u011f\u0131\u015f\u0131 bekleniyor"},"content":{"rendered":"<p>DEN\u0130ZL\u0130 (\u0130HA) \u2013 Denizli\u2019de hava s\u0131cakl\u0131klar\u0131n\u0131n Sal\u0131 g\u00fcn\u00fcnden itibaren hissedilir derecede azalaca\u011f\u0131 ve s\u0131cakl\u0131\u011f\u0131n d\u00fc\u015fmesiyle birlikte kar veya karla kar\u0131\u015f\u0131k ya\u011fmur ya\u011f\u0131\u015f\u0131n\u0131n beklendi\u011fi belirtildi.<\/p>\n<p>Meteorolojiden yap\u0131lan son meteorolojik de\u011ferlendirmelere g\u00f6re; Afyonkarahisar, Denizli, U\u015fak illeri b\u00f6lgesinde 4 \u015eubat 2025 Sal\u0131 g\u00fcn\u00fcnden itibaren hava s\u0131cakl\u0131klar\u0131n hissedilir \u015fekilde 6 ila 12 derece azalarak mevsim normallerinin alt\u0131na inece\u011fi tahmin ediliyor.  So\u011fuk havan\u0131n, kuzeyli y\u00f6nlerden kuvvetli olarak esmesi beklenen r\u00fczgarlarla birlikte, Sal\u0131 g\u00fcn\u00fcnden itibaren 1 haftal\u0131k periyotta etkisini s\u00fcrd\u00fcrmesi bekleniyor. Ayr\u0131ca Sal\u0131 ve \u00c7ar\u015famba g\u00fcnleri karla kar\u0131\u015f\u0131k ya\u011fmur ve kar ya\u011f\u0131\u015flar\u0131n\u0131n g\u00f6r\u00fclece\u011fi tahmin ediliyor.<\/p>\n<p>Sal\u0131 g\u00fcn\u00fcnden itibaren 11 \u015eubat 2025 tarihine kadar devam etmesi beklenen so\u011fuk havayla birlikte s\u0131cakl\u0131klar\u0131n Afyonkarahisar\u2019da -1 ile -4, Denizli\u2019de 3 ila 8 ve U\u015fak\u2019ta ise -2 ila 2 derecelere kadar d\u00fc\u015fece\u011fi tahmin ediliyor. So\u011fuk hava dalgas\u0131 nedeniyle meydana gelebilecek kar ya\u011f\u0131\u015f\u0131 ile buzlanma ve don olaylar\u0131na kar\u015f\u0131 Meteoroloji Genel M\u00fcd\u00fcrl\u00fc\u011f\u00fcn\u00fcn tahmin, meteorolojik de\u011ferlendirme ve erken uyar\u0131lar\u0131n takip edilmesinin \u00f6nem arz etti\u011fi bildirildi.<br \/><\/p>\n","protected":false},"excerpt":{"rendered":"<p>DEN\u0130ZL\u0130 (\u0130HA) \u2013 Denizli\u2019de hava s\u0131cakl\u0131klar\u0131n\u0131n Sal\u0131 g\u00fcn\u00fcnden itibaren hissedilir derecede azalaca\u011f\u0131 ve s\u0131cakl\u0131\u011f\u0131n d\u00fc\u015fmesiyle birlikte kar veya karla kar\u0131\u015f\u0131k ya\u011fmur ya\u011f\u0131\u015f\u0131n\u0131n beklendi\u011fi belirtildi. Meteorolojiden yap\u0131lan son meteorolojik de\u011ferlendirmelere g\u00f6re; Afyonkarahisar, Denizli, U\u015fak illeri b\u00f6lgesinde 4 \u015eubat 2025 Sal\u0131 g\u00fcn\u00fcnden itibaren hava s\u0131cakl\u0131klar\u0131n hissedilir \u015fekilde 6 ila 12 derece azalarak mevsim normallerinin alt\u0131na inece\u011fi tahmin&#8230;<\/p>\n","protected":false},"author":1,"featured_media":14277,"comment_status":"open","ping_status":"open","sticky":false,"template":"","format":"standard","meta":{"_crdt_document":"","footnotes":""},"categories":[1],"tags":[],"class_list":["post-14276","post","type-post","status-publish","format-standard","has-post-thumbnail","hentry","category-guncel"],"_links":{"self":[{"href":"https:\/\/www.egemtv.com\/index.php?rest_route=\/wp\/v2\/posts\/14276","targetHints":{"allow":["GET"]}}],"collection":[{"href":"https:\/\/www.egemtv.com\/index.php?rest_route=\/wp\/v2\/posts"}],"about":[{"href":"https:\/\/www.egemtv.com\/index.php?rest_route=\/wp\/v2\/types\/post"}],"author":[{"embeddable":true,"href":"https:\/\/www.egemtv.com\/index.php?rest_route=\/wp\/v2\/users\/1"}],"replies":[{"embeddable":true,"href":"https:\/\/www.egemtv.com\/index.php?rest_route=%2Fwp%2Fv2%2Fcomments&post=14276"}],"version-history":[{"count":1,"href":"https:\/\/www.egemtv.com\/index.php?rest_route=\/wp\/v2\/posts\/14276\/revisions"}],"predecessor-version":[{"id":14278,"href":"https:\/\/www.egemtv.com\/index.php?rest_route=\/wp\/v2\/posts\/14276\/revisions\/14278"}],"wp:featuredmedia":[{"embeddable":true,"href":"https:\/\/www.egemtv.com\/index.php?rest_route=\/wp\/v2\/media\/14277"}],"wp:attachment":[{"href":"https:\/\/www.egemtv.com\/index.php?rest_route=%2Fwp%2Fv2%2Fmedia&parent=14276"}],"wp:term":[{"taxonomy":"category","embeddable":true,"href":"https:\/\/www.egemtv.com\/index.php?rest_route=%2Fwp%2Fv2%2Fcategories&post=14276"},{"taxonomy":"post_tag","embeddable":true,"href":"https:\/\/www.egemtv.com\/index.php?rest_route=%2Fwp%2Fv2%2Ftags&post=14276"}],"curies":[{"name":"wp","href":"https:\/\/api.w.org\/{rel}","templated":true}]}}