{"id":14273,"date":"2025-02-01T09:58:02","date_gmt":"2025-02-01T06:58:02","guid":{"rendered":"https:\/\/www.egemtv.com\/?p=14273"},"modified":"2025-02-01T09:58:06","modified_gmt":"2025-02-01T06:58:06","slug":"uyusturucu-operasyonunda-35-kisi-gozaltina-alindi","status":"publish","type":"post","link":"https:\/\/www.egemtv.com\/?p=14273","title":{"rendered":"Uyu\u015fturucu operasyonunda 35 ki\u015fi g\u00f6zalt\u0131na al\u0131nd\u0131"},"content":{"rendered":"<p>Afyonkarahisar\u2019da polis taraf\u0131ndan ger\u00e7ekle\u015ftirilen uyu\u015fturucu operasyonunda 35 ki\u015fi g\u00f6zalt\u0131na al\u0131n\u0131rken, polisin bask\u0131n yapt\u0131\u011f\u0131 adreslerden birinde uyu\u015fturucu madde koltu\u011funda alt\u0131nda ele ge\u00e7irildi.<br \/>\n<br \/>Olay, Emirda\u011f il\u00e7esinde meydana geldi. Edinilen bilgilere g\u00f6re, Emirda\u011f \u0130l\u00e7e Emniyet M\u00fcd\u00fcrl\u00fc\u011f\u00fc taraf\u0131ndan il\u00e7ede uyu\u015fturucu sat\u0131c\u0131lar\u0131na y\u00f6nelik operasyon yap\u0131ld\u0131. Operasyonda \u00f6nceden belirlenen adreslere e\u015f zamanl\u0131 bak\u0131n d\u00fczenlendi. Bask\u0131nda yap\u0131lan aramalarda de\u011fi\u015fik t\u00fcrlerde yakla\u015f\u0131k 100 gram uyu\u015fturucu madde, sentetik pe\u00e7ete, uyu\u015fturucu kullanma aparatlar\u0131, 11 cep telefonu ve su\u00e7tan elde edildi\u011fi de\u011ferlendirilen 10 bin TL para ele ge\u00e7irildi. Operasyonda toplamda 35 ki\u015fi ise g\u00f6zalt\u0131na al\u0131nd\u0131. \u015eah\u0131slardan 30\u2019u hakk\u0131nda \u2018uyu\u015fturucu madde kullanmaktan\u2019 adli i\u015flem yap\u0131l\u0131rken, A.T ve F.S.\u015e. isimli \u015fah\u0131slar ise uyu\u015fturucu madde ticareti yapma su\u00e7lamas\u0131yla tutukland\u0131.<br \/>\n<br \/>\u00d6te yandan, yap\u0131lan bask\u0131nlarda aramalar ise polis kameras\u0131 taraf\u0131ndan kay\u0131t alt\u0131na al\u0131nd\u0131. G\u00f6r\u00fcnt\u00fclerde polisin uyu\u015fturucu maddeleri koltuk alt\u0131ndan bulmas\u0131 saniye saniye kay\u0131t alt\u0131na al\u0131nd\u0131.<br \/><\/p>\n","protected":false},"excerpt":{"rendered":"<p>Afyonkarahisar\u2019da polis taraf\u0131ndan ger\u00e7ekle\u015ftirilen uyu\u015fturucu operasyonunda 35 ki\u015fi g\u00f6zalt\u0131na al\u0131n\u0131rken, polisin bask\u0131n yapt\u0131\u011f\u0131 adreslerden birinde uyu\u015fturucu madde koltu\u011funda alt\u0131nda ele ge\u00e7irildi. Olay, Emirda\u011f il\u00e7esinde meydana geldi. Edinilen bilgilere g\u00f6re, Emirda\u011f \u0130l\u00e7e Emniyet M\u00fcd\u00fcrl\u00fc\u011f\u00fc taraf\u0131ndan il\u00e7ede uyu\u015fturucu sat\u0131c\u0131lar\u0131na y\u00f6nelik operasyon yap\u0131ld\u0131. Operasyonda \u00f6nceden belirlenen adreslere e\u015f zamanl\u0131 bak\u0131n d\u00fczenlendi. Bask\u0131nda yap\u0131lan aramalarda de\u011fi\u015fik t\u00fcrlerde yakla\u015f\u0131k 100&#8230;<\/p>\n","protected":false},"author":1,"featured_media":14274,"comment_status":"open","ping_status":"open","sticky":false,"template":"","format":"standard","meta":{"_crdt_document":"","footnotes":""},"categories":[5],"tags":[],"class_list":["post-14273","post","type-post","status-publish","format-standard","has-post-thumbnail","hentry","category-asayis"],"_links":{"self":[{"href":"https:\/\/www.egemtv.com\/index.php?rest_route=\/wp\/v2\/posts\/14273","targetHints":{"allow":["GET"]}}],"collection":[{"href":"https:\/\/www.egemtv.com\/index.php?rest_route=\/wp\/v2\/posts"}],"about":[{"href":"https:\/\/www.egemtv.com\/index.php?rest_route=\/wp\/v2\/types\/post"}],"author":[{"embeddable":true,"href":"https:\/\/www.egemtv.com\/index.php?rest_route=\/wp\/v2\/users\/1"}],"replies":[{"embeddable":true,"href":"https:\/\/www.egemtv.com\/index.php?rest_route=%2Fwp%2Fv2%2Fcomments&post=14273"}],"version-history":[{"count":1,"href":"https:\/\/www.egemtv.com\/index.php?rest_route=\/wp\/v2\/posts\/14273\/revisions"}],"predecessor-version":[{"id":14275,"href":"https:\/\/www.egemtv.com\/index.php?rest_route=\/wp\/v2\/posts\/14273\/revisions\/14275"}],"wp:featuredmedia":[{"embeddable":true,"href":"https:\/\/www.egemtv.com\/index.php?rest_route=\/wp\/v2\/media\/14274"}],"wp:attachment":[{"href":"https:\/\/www.egemtv.com\/index.php?rest_route=%2Fwp%2Fv2%2Fmedia&parent=14273"}],"wp:term":[{"taxonomy":"category","embeddable":true,"href":"https:\/\/www.egemtv.com\/index.php?rest_route=%2Fwp%2Fv2%2Fcategories&post=14273"},{"taxonomy":"post_tag","embeddable":true,"href":"https:\/\/www.egemtv.com\/index.php?rest_route=%2Fwp%2Fv2%2Ftags&post=14273"}],"curies":[{"name":"wp","href":"https:\/\/api.w.org\/{rel}","templated":true}]}}