{"id":14270,"date":"2025-02-01T09:52:30","date_gmt":"2025-02-01T06:52:30","guid":{"rendered":"https:\/\/www.egemtv.com\/?p=14270"},"modified":"2025-02-01T09:52:35","modified_gmt":"2025-02-01T06:52:35","slug":"ureticilere-yeni-destekleme-modelleri-anlatildi","status":"publish","type":"post","link":"https:\/\/www.egemtv.com\/?p=14270","title":{"rendered":"\u00dcreticilere yeni destekleme modelleri anlat\u0131ld\u0131"},"content":{"rendered":"<p>Tar\u0131m ve Orman Bakanl\u0131\u011f\u0131 taraf\u0131ndan hayata ge\u00e7irilen yeni destekleme modelleri i\u00e7in saha \u00e7al\u0131\u015fmalar\u0131na devam eden Ayd\u0131n \u0130l Tar\u0131m ekipleri 9 mahallede \u00fcreticileri bilgilendirdi.<\/p>\n<p>Ayd\u0131n \u0130l Tar\u0131m ve Orman M\u00fcd\u00fcrl\u00fc\u011f\u00fc koordinesinde ger\u00e7ekle\u015ftirilen \u2019Cuma Bulu\u015fmalar\u0131\u2019 aral\u0131ks\u0131z devam ediyor. Bu \u00e7er\u00e7evede \u00fcreticilerle bulu\u015fan ekipler, mahalle mahalle gezerek d\u00fczenledi\u011fi toplant\u0131larla hem \u00fcreticilerin sorun ve taleplerini yerinde dinliyor hem de yeni destekleme modelleri ba\u015fta olmak \u00fczere yap\u0131lan \u00e7al\u0131\u015fmalar hakk\u0131nda \u00fcreticileri bilgilendiriyor. Yeni destekleme modellerinin daha iyi anla\u015f\u0131lmas\u0131 ve anlat\u0131lmas\u0131 i\u00e7in \u00e7al\u0131\u015fmalar\u0131na devam eden \u0130l Tar\u0131m ekipleri, bu kapsamda; Efeler\u2019in G\u00f6zp\u0131nar, Bal\u0131kk\u00f6y, Alatepe, Nazilli\u2019nin Kavac\u0131k, K\u0131z\u0131ldere, Karahal\u0131 ve Bozdo\u011fan\u2019\u0131n Kemer, G\u00fcvenir, Konakl\u0131 mahallelerinde \u00fcreticilerle bulu\u015ftu. Ger\u00e7ekle\u015ftirilen bilgilendirme toplant\u0131lar\u0131yla \u00fcreticiler, Yeni \u00dcretim Destekleme Modeli, Tar\u0131msal \u00dcretim Planlamas\u0131, Hayvanc\u0131l\u0131k ve Bitkisel \u00dcretim planlamas\u0131 ve desteklemeler konusunda \u00fcreticilere bilgilendirme yap\u0131ld\u0131.<br \/><\/p>\n","protected":false},"excerpt":{"rendered":"<p>Tar\u0131m ve Orman Bakanl\u0131\u011f\u0131 taraf\u0131ndan hayata ge\u00e7irilen yeni destekleme modelleri i\u00e7in saha \u00e7al\u0131\u015fmalar\u0131na devam eden Ayd\u0131n \u0130l Tar\u0131m ekipleri 9 mahallede \u00fcreticileri bilgilendirdi. Ayd\u0131n \u0130l Tar\u0131m ve Orman M\u00fcd\u00fcrl\u00fc\u011f\u00fc koordinesinde ger\u00e7ekle\u015ftirilen \u2019Cuma Bulu\u015fmalar\u0131\u2019 aral\u0131ks\u0131z devam ediyor. Bu \u00e7er\u00e7evede \u00fcreticilerle bulu\u015fan ekipler, mahalle mahalle gezerek d\u00fczenledi\u011fi toplant\u0131larla hem \u00fcreticilerin sorun ve taleplerini yerinde dinliyor hem de&#8230;<\/p>\n","protected":false},"author":1,"featured_media":14271,"comment_status":"open","ping_status":"open","sticky":false,"template":"","format":"standard","meta":{"_crdt_document":"","footnotes":""},"categories":[1],"tags":[],"class_list":["post-14270","post","type-post","status-publish","format-standard","has-post-thumbnail","hentry","category-guncel"],"_links":{"self":[{"href":"https:\/\/www.egemtv.com\/index.php?rest_route=\/wp\/v2\/posts\/14270","targetHints":{"allow":["GET"]}}],"collection":[{"href":"https:\/\/www.egemtv.com\/index.php?rest_route=\/wp\/v2\/posts"}],"about":[{"href":"https:\/\/www.egemtv.com\/index.php?rest_route=\/wp\/v2\/types\/post"}],"author":[{"embeddable":true,"href":"https:\/\/www.egemtv.com\/index.php?rest_route=\/wp\/v2\/users\/1"}],"replies":[{"embeddable":true,"href":"https:\/\/www.egemtv.com\/index.php?rest_route=%2Fwp%2Fv2%2Fcomments&post=14270"}],"version-history":[{"count":1,"href":"https:\/\/www.egemtv.com\/index.php?rest_route=\/wp\/v2\/posts\/14270\/revisions"}],"predecessor-version":[{"id":14272,"href":"https:\/\/www.egemtv.com\/index.php?rest_route=\/wp\/v2\/posts\/14270\/revisions\/14272"}],"wp:featuredmedia":[{"embeddable":true,"href":"https:\/\/www.egemtv.com\/index.php?rest_route=\/wp\/v2\/media\/14271"}],"wp:attachment":[{"href":"https:\/\/www.egemtv.com\/index.php?rest_route=%2Fwp%2Fv2%2Fmedia&parent=14270"}],"wp:term":[{"taxonomy":"category","embeddable":true,"href":"https:\/\/www.egemtv.com\/index.php?rest_route=%2Fwp%2Fv2%2Fcategories&post=14270"},{"taxonomy":"post_tag","embeddable":true,"href":"https:\/\/www.egemtv.com\/index.php?rest_route=%2Fwp%2Fv2%2Ftags&post=14270"}],"curies":[{"name":"wp","href":"https:\/\/api.w.org\/{rel}","templated":true}]}}