{"id":14267,"date":"2025-02-01T09:52:22","date_gmt":"2025-02-01T06:52:22","guid":{"rendered":"https:\/\/www.egemtv.com\/?p=14267"},"modified":"2025-02-01T09:52:30","modified_gmt":"2025-02-01T06:52:30","slug":"denizlide-sanayide-ikiz-donusumu-basarili-kilmanin-yollari-konusulacak","status":"publish","type":"post","link":"https:\/\/www.egemtv.com\/?p=14267","title":{"rendered":"Denizli\u2019de sanayide ikiz d\u00f6n\u00fc\u015f\u00fcm\u00fc ba\u015far\u0131l\u0131 k\u0131lman\u0131n yollar\u0131 konu\u015fulacak"},"content":{"rendered":"<p>DEN\u0130ZL\u0130 (\u0130HA) \u2013 Denizli\u2019de Avrupa Birli\u011fi Bilgi Merkezi ve Denizli Sanayi Odas\u0131 (DSO) Bili\u015fim Komisyonu i\u015fbirli\u011finde sanayide &#8220;Ye\u015fil Mutabakat&#8221; ve &#8220;Dijital Ge\u00e7i\u015f&#8221; hedefleri do\u011frultusunda ikiz d\u00f6n\u00fc\u015f\u00fcm\u00fc ba\u015far\u0131l\u0131 k\u0131lman\u0131n yollar\u0131 d\u00fczenlenecek \u00e7al\u0131\u015ftayda ele al\u0131nacak.<\/p>\n<p>Denizli Avrupa Birli\u011fi Bilgi Merkezi koordinasyonunda, DSO Bili\u015fim Komisyonu ortakl\u0131\u011f\u0131, MEXT Teknoloji Merkezi i\u015f birli\u011fi ve AB T\u00fcrkiye Delegasyonu deste\u011fi ile &#8220;Avrupa Birli\u011fi Perspektifinde Dijital ve Ye\u015fil D\u00f6n\u00fc\u015f\u00fcm \u00c7al\u0131\u015ftay\u0131&#8221; 4 \u015eubat 2025 Sal\u0131 g\u00fcn\u00fc saat 09.30\u2019da Denizli Dedeman Otel\u2019de ger\u00e7ekle\u015ftirilecek.<br \/>\n<br \/>Bu \u00f6zel etkinlik Avrupa Birli\u011fi\u2019nin &#8220;Ye\u015fil Mutabakat&#8221; ve &#8220;Dijital Ge\u00e7i\u015f&#8221; hedefleri do\u011frultusunda, Denizli sanayisini gelece\u011fe ta\u015f\u0131mak ve uluslararas\u0131 rekabet g\u00fcc\u00fcn\u00fc art\u0131rmak amac\u0131yla tasarland\u0131. \u00c7al\u0131\u015ftay, sekt\u00f6rlerin gelece\u011fini yeniden in\u015fa eden teknolojilerle tan\u0131\u015fmak, fark olu\u015fturacak \u00e7\u00f6z\u00fcmler \u00fcretmek ve i\u015f birli\u011fi a\u011f\u0131n\u0131 geni\u015fletmek i\u00e7in \u00f6nemli bir f\u0131rsat sunacak.<\/p>\n<p>MEXT Teknoloji Merkezi moderat\u00f6rl\u00fc\u011f\u00fcnde yap\u0131lacak \u00e7al\u0131\u015ftayda, sanayicilere sanayide ikiz d\u00f6n\u00fc\u015f\u00fcme y\u00f6nelik teknolojik \u00e7\u00f6z\u00fcmler ve f\u0131rsatlar\u0131 ke\u015ffetme imkan\u0131 olu\u015fturulacak. Dijital d\u00f6n\u00fc\u015f\u00fcm, ye\u015fil teknolojiler ve inovasyon alanlar\u0131nda de\u011ferli bilgiler payla\u015f\u0131lacak, s\u00fcrd\u00fcr\u00fclebilir \u00e7\u00f6z\u00fcmler geli\u015ftirme hakk\u0131nda fikir al\u0131\u015fveri\u015fi yap\u0131lacak. \u00c7al\u0131\u015ftayda, bili\u015fim firmalar\u0131 ve sanayiciler aras\u0131nda i\u015f birli\u011fi f\u0131rsatlar\u0131 ile ikiz d\u00f6n\u00fc\u015f\u00fcm kapsam\u0131nda belirlenen konu ba\u015fl\u0131klar\u0131, yuvarlak masalarda konu\u015fulacak.<br \/><\/p>\n","protected":false},"excerpt":{"rendered":"<p>DEN\u0130ZL\u0130 (\u0130HA) \u2013 Denizli\u2019de Avrupa Birli\u011fi Bilgi Merkezi ve Denizli Sanayi Odas\u0131 (DSO) Bili\u015fim Komisyonu i\u015fbirli\u011finde sanayide &#8220;Ye\u015fil Mutabakat&#8221; ve &#8220;Dijital Ge\u00e7i\u015f&#8221; hedefleri do\u011frultusunda ikiz d\u00f6n\u00fc\u015f\u00fcm\u00fc ba\u015far\u0131l\u0131 k\u0131lman\u0131n yollar\u0131 d\u00fczenlenecek \u00e7al\u0131\u015ftayda ele al\u0131nacak. Denizli Avrupa Birli\u011fi Bilgi Merkezi koordinasyonunda, DSO Bili\u015fim Komisyonu ortakl\u0131\u011f\u0131, MEXT Teknoloji Merkezi i\u015f birli\u011fi ve AB T\u00fcrkiye Delegasyonu deste\u011fi ile &#8220;Avrupa&#8230;<\/p>\n","protected":false},"author":1,"featured_media":14268,"comment_status":"open","ping_status":"open","sticky":false,"template":"","format":"standard","meta":{"_crdt_document":"","footnotes":""},"categories":[125],"tags":[],"class_list":["post-14267","post","type-post","status-publish","format-standard","has-post-thumbnail","hentry","category-ekonomi"],"_links":{"self":[{"href":"https:\/\/www.egemtv.com\/index.php?rest_route=\/wp\/v2\/posts\/14267","targetHints":{"allow":["GET"]}}],"collection":[{"href":"https:\/\/www.egemtv.com\/index.php?rest_route=\/wp\/v2\/posts"}],"about":[{"href":"https:\/\/www.egemtv.com\/index.php?rest_route=\/wp\/v2\/types\/post"}],"author":[{"embeddable":true,"href":"https:\/\/www.egemtv.com\/index.php?rest_route=\/wp\/v2\/users\/1"}],"replies":[{"embeddable":true,"href":"https:\/\/www.egemtv.com\/index.php?rest_route=%2Fwp%2Fv2%2Fcomments&post=14267"}],"version-history":[{"count":1,"href":"https:\/\/www.egemtv.com\/index.php?rest_route=\/wp\/v2\/posts\/14267\/revisions"}],"predecessor-version":[{"id":14269,"href":"https:\/\/www.egemtv.com\/index.php?rest_route=\/wp\/v2\/posts\/14267\/revisions\/14269"}],"wp:featuredmedia":[{"embeddable":true,"href":"https:\/\/www.egemtv.com\/index.php?rest_route=\/wp\/v2\/media\/14268"}],"wp:attachment":[{"href":"https:\/\/www.egemtv.com\/index.php?rest_route=%2Fwp%2Fv2%2Fmedia&parent=14267"}],"wp:term":[{"taxonomy":"category","embeddable":true,"href":"https:\/\/www.egemtv.com\/index.php?rest_route=%2Fwp%2Fv2%2Fcategories&post=14267"},{"taxonomy":"post_tag","embeddable":true,"href":"https:\/\/www.egemtv.com\/index.php?rest_route=%2Fwp%2Fv2%2Ftags&post=14267"}],"curies":[{"name":"wp","href":"https:\/\/api.w.org\/{rel}","templated":true}]}}