{"id":14261,"date":"2025-02-01T09:40:39","date_gmt":"2025-02-01T06:40:39","guid":{"rendered":"https:\/\/www.egemtv.com\/?p=14261"},"modified":"2025-02-01T09:40:44","modified_gmt":"2025-02-01T06:40:44","slug":"selendi-belediyespordan-kaymakam-kahveciye-ziyaret","status":"publish","type":"post","link":"https:\/\/www.egemtv.com\/?p=14261","title":{"rendered":"Selendi Belediyespor\u2019dan Kaymakam Kahveci\u2019ye ziyaret"},"content":{"rendered":"<p>Manisa S\u00fcper Amat\u00f6r Lig tak\u0131mlar\u0131ndan Selendi Belediyespor Ba\u015fkan\u0131 Sedat Kaya ve y\u00f6neticileri Kaymakam Tar\u0131k Safa Kahveci\u2019yi makam\u0131nda ziyaret ederek \u00fczerinde isminin yazd\u0131\u011f\u0131 45 numaral\u0131 formay\u0131 hediye etti.<br \/>\n<br \/>Manisa S\u00fcper Amat\u00f6r Lig Salihli Grubunda yer alan Selendi Belediyespor Kul\u00fcp Ba\u015fkan\u0131 Sedat Kaya ve Y\u00f6netim Kurulu \u00fcyeleri ile Kul\u00fcp Antren\u00f6r\u00fc Abdullah Ar\u0131kanl\u0131 Selendi Kaymakam\u0131 Tar\u0131k Safa Kahveci\u2019yi makam\u0131nda ziyaret etti. Ligde son s\u0131rada yer alan ve s\u0131k\u0131nt\u0131l\u0131 g\u00fcnler ge\u00e7iren Selendi Belediyespor tak\u0131m\u0131 y\u00f6neticileri tak\u0131m hakk\u0131nda Kaymakam Tar\u0131k Safa Kahveci\u2019ye bilgiler verdi. Kaymakam Kahveci ziyaretten duydu\u011fu memnuniyeti dile getirerek ikinci yar\u0131da tak\u0131ma ba\u015far\u0131lar diledi.<br \/>\n<br \/>Ziyaret sonunda tak\u0131m y\u00f6neticileri Kaymakam Kahveci\u2019ye \u00fczerinde isminin yaz\u0131l\u0131 oldu\u011fu 45 numaral\u0131 tak\u0131m\u0131n formas\u0131n\u0131 hediye etti.<br \/><\/p>\n","protected":false},"excerpt":{"rendered":"<p>Manisa S\u00fcper Amat\u00f6r Lig tak\u0131mlar\u0131ndan Selendi Belediyespor Ba\u015fkan\u0131 Sedat Kaya ve y\u00f6neticileri Kaymakam Tar\u0131k Safa Kahveci\u2019yi makam\u0131nda ziyaret ederek \u00fczerinde isminin yazd\u0131\u011f\u0131 45 numaral\u0131 formay\u0131 hediye etti. Manisa S\u00fcper Amat\u00f6r Lig Salihli Grubunda yer alan Selendi Belediyespor Kul\u00fcp Ba\u015fkan\u0131 Sedat Kaya ve Y\u00f6netim Kurulu \u00fcyeleri ile Kul\u00fcp Antren\u00f6r\u00fc Abdullah Ar\u0131kanl\u0131 Selendi Kaymakam\u0131 Tar\u0131k Safa Kahveci\u2019yi&#8230;<\/p>\n","protected":false},"author":1,"featured_media":14262,"comment_status":"open","ping_status":"open","sticky":false,"template":"","format":"standard","meta":{"_crdt_document":"","footnotes":""},"categories":[4],"tags":[],"class_list":["post-14261","post","type-post","status-publish","format-standard","has-post-thumbnail","hentry","category-spor"],"_links":{"self":[{"href":"https:\/\/www.egemtv.com\/index.php?rest_route=\/wp\/v2\/posts\/14261","targetHints":{"allow":["GET"]}}],"collection":[{"href":"https:\/\/www.egemtv.com\/index.php?rest_route=\/wp\/v2\/posts"}],"about":[{"href":"https:\/\/www.egemtv.com\/index.php?rest_route=\/wp\/v2\/types\/post"}],"author":[{"embeddable":true,"href":"https:\/\/www.egemtv.com\/index.php?rest_route=\/wp\/v2\/users\/1"}],"replies":[{"embeddable":true,"href":"https:\/\/www.egemtv.com\/index.php?rest_route=%2Fwp%2Fv2%2Fcomments&post=14261"}],"version-history":[{"count":1,"href":"https:\/\/www.egemtv.com\/index.php?rest_route=\/wp\/v2\/posts\/14261\/revisions"}],"predecessor-version":[{"id":14263,"href":"https:\/\/www.egemtv.com\/index.php?rest_route=\/wp\/v2\/posts\/14261\/revisions\/14263"}],"wp:featuredmedia":[{"embeddable":true,"href":"https:\/\/www.egemtv.com\/index.php?rest_route=\/wp\/v2\/media\/14262"}],"wp:attachment":[{"href":"https:\/\/www.egemtv.com\/index.php?rest_route=%2Fwp%2Fv2%2Fmedia&parent=14261"}],"wp:term":[{"taxonomy":"category","embeddable":true,"href":"https:\/\/www.egemtv.com\/index.php?rest_route=%2Fwp%2Fv2%2Fcategories&post=14261"},{"taxonomy":"post_tag","embeddable":true,"href":"https:\/\/www.egemtv.com\/index.php?rest_route=%2Fwp%2Fv2%2Ftags&post=14261"}],"curies":[{"name":"wp","href":"https:\/\/api.w.org\/{rel}","templated":true}]}}