{"id":14258,"date":"2025-02-01T09:34:09","date_gmt":"2025-02-01T06:34:09","guid":{"rendered":"https:\/\/www.egemtv.com\/?p=14258"},"modified":"2025-02-01T09:34:12","modified_gmt":"2025-02-01T06:34:12","slug":"denizlili-sanatci-unlu-turkucuyle-duet-yapti","status":"publish","type":"post","link":"https:\/\/www.egemtv.com\/?p=14258","title":{"rendered":"Denizlili sanat\u00e7\u0131 \u00fcnl\u00fc t\u00fcrk\u00fcc\u00fcyle d\u00fcet yapt\u0131"},"content":{"rendered":"<p>Denizlili sanat\u00e7\u0131 Efe G\u00fcng\u00f6r\u2019\u00fcn, \u00fcnl\u00fc halk m\u00fczi\u011fi sanat\u00e7\u0131s\u0131 Fatih K\u0131saparmak ile birlikte d\u00fcet yapt\u0131\u011f\u0131 esere \u00e7ekti\u011fi klip yay\u0131mland\u0131.<\/p>\n<p>Denizlili sanat\u00e7\u0131s\u0131 Efe G\u00fcng\u00f6r, yeni \u00e7al\u0131\u015fmas\u0131  ile yine dikkatleri \u00fczerine toplamay\u0131 ba\u015fard\u0131. \u00dcnl\u00fc sanat\u00e7\u0131 Fatih K\u0131saparmak\u2019\u0131n s\u00f6z ve m\u00fczi\u011fini yapt\u0131\u011f\u0131 \u2019Kar Ya\u011f\u0131yor D\u0131\u015farda\u2019  adl\u0131 eseri seslendiren Efe G\u00fcng\u00f6r, performans\u0131 ile dinleyecileri yine mest etti. Fatih K\u0131saparmak ile birlikte seslendirdi\u011fi eserin  klibi de Youtube\u2019da dinleyicileri ile bulu\u015ftu.<\/p>\n<p>Resmi sosyal medya hesab\u0131ndan yeni klipi ile ilgili payla\u015f\u0131mda bulunan Efe G\u00fcng\u00f6r, \u2019Biz onu Kilim ile tan\u0131d\u0131k, sevdik. Gerek ilmek ilmek dokudu\u011fu ezgileri, gerek sanat\u00e7\u0131 duru\u015fu ile bizlere hayat yolculu\u011fumuzda \u00f6rnek oldu. , ilham oldu. , rehber oldu. Bana lay\u0131k g\u00f6r\u00fcp, yorumlamam i\u00e7in l\u00fctfetti\u011fi bu \u00f6zel ve g\u00fczel eseri i\u00e7in Fatih K\u0131saparmak hocama, a\u011fabeyime sonsuz te\u015fekk\u00fcrlerimi sunuyorum.\u2019 ifadelerine yer vererek Fatih K\u0131saparmak\u2019a te\u015fekk\u00fcrlerini iletti.<br \/><\/p>\n","protected":false},"excerpt":{"rendered":"<p>Denizlili sanat\u00e7\u0131 Efe G\u00fcng\u00f6r\u2019\u00fcn, \u00fcnl\u00fc halk m\u00fczi\u011fi sanat\u00e7\u0131s\u0131 Fatih K\u0131saparmak ile birlikte d\u00fcet yapt\u0131\u011f\u0131 esere \u00e7ekti\u011fi klip yay\u0131mland\u0131. Denizlili sanat\u00e7\u0131s\u0131 Efe G\u00fcng\u00f6r, yeni \u00e7al\u0131\u015fmas\u0131 ile yine dikkatleri \u00fczerine toplamay\u0131 ba\u015fard\u0131. \u00dcnl\u00fc sanat\u00e7\u0131 Fatih K\u0131saparmak\u2019\u0131n s\u00f6z ve m\u00fczi\u011fini yapt\u0131\u011f\u0131 \u2019Kar Ya\u011f\u0131yor D\u0131\u015farda\u2019 adl\u0131 eseri seslendiren Efe G\u00fcng\u00f6r, performans\u0131 ile dinleyecileri yine mest etti. Fatih K\u0131saparmak ile&#8230;<\/p>\n","protected":false},"author":1,"featured_media":14259,"comment_status":"open","ping_status":"open","sticky":false,"template":"","format":"standard","meta":{"_crdt_document":"","footnotes":""},"categories":[1],"tags":[],"class_list":["post-14258","post","type-post","status-publish","format-standard","has-post-thumbnail","hentry","category-guncel"],"_links":{"self":[{"href":"https:\/\/www.egemtv.com\/index.php?rest_route=\/wp\/v2\/posts\/14258","targetHints":{"allow":["GET"]}}],"collection":[{"href":"https:\/\/www.egemtv.com\/index.php?rest_route=\/wp\/v2\/posts"}],"about":[{"href":"https:\/\/www.egemtv.com\/index.php?rest_route=\/wp\/v2\/types\/post"}],"author":[{"embeddable":true,"href":"https:\/\/www.egemtv.com\/index.php?rest_route=\/wp\/v2\/users\/1"}],"replies":[{"embeddable":true,"href":"https:\/\/www.egemtv.com\/index.php?rest_route=%2Fwp%2Fv2%2Fcomments&post=14258"}],"version-history":[{"count":1,"href":"https:\/\/www.egemtv.com\/index.php?rest_route=\/wp\/v2\/posts\/14258\/revisions"}],"predecessor-version":[{"id":14260,"href":"https:\/\/www.egemtv.com\/index.php?rest_route=\/wp\/v2\/posts\/14258\/revisions\/14260"}],"wp:featuredmedia":[{"embeddable":true,"href":"https:\/\/www.egemtv.com\/index.php?rest_route=\/wp\/v2\/media\/14259"}],"wp:attachment":[{"href":"https:\/\/www.egemtv.com\/index.php?rest_route=%2Fwp%2Fv2%2Fmedia&parent=14258"}],"wp:term":[{"taxonomy":"category","embeddable":true,"href":"https:\/\/www.egemtv.com\/index.php?rest_route=%2Fwp%2Fv2%2Fcategories&post=14258"},{"taxonomy":"post_tag","embeddable":true,"href":"https:\/\/www.egemtv.com\/index.php?rest_route=%2Fwp%2Fv2%2Ftags&post=14258"}],"curies":[{"name":"wp","href":"https:\/\/api.w.org\/{rel}","templated":true}]}}