{"id":14255,"date":"2025-02-01T09:31:26","date_gmt":"2025-02-01T06:31:26","guid":{"rendered":"https:\/\/www.egemtv.com\/?p=14255"},"modified":"2025-02-01T09:31:30","modified_gmt":"2025-02-01T06:31:30","slug":"baskan-cercioglu-kusadasinda-calismalarimiz-tum-hiziyla-devam-ediyor","status":"publish","type":"post","link":"https:\/\/www.egemtv.com\/?p=14255","title":{"rendered":"Ba\u015fkan \u00c7er\u00e7io\u011flu: &#8220;Ku\u015fadas\u0131\u2019nda \u00e7al\u0131\u015fmalar\u0131m\u0131z t\u00fcm h\u0131z\u0131yla devam ediyor&#8221;"},"content":{"rendered":"<p>Ayd\u0131n B\u00fcy\u00fck\u015fehir Belediye Ba\u015fkan\u0131 \u00d6zlem \u00c7er\u00e7io\u011flu taraf\u0131ndan Ayd\u0131n kent genelinde ger\u00e7ekle\u015ftirilen \u00e7al\u0131\u015fmalar devam ediyor.<br \/>\n<br \/>B\u00fcy\u00fck\u015fehir Belediyesi Park ve Bah\u00e7eler Dairesi Ba\u015fkanl\u0131\u011f\u0131 ekipleri ile \u00c7evre Koruma ve Kontrol Dairesi Ba\u015fkanl\u0131\u011f\u0131 ekipleri, Ku\u015fadas\u0131 il\u00e7esine ba\u011fl\u0131 Davutlar ve G\u00fczel\u00e7aml\u0131 Mahallelerinde kapsaml\u0131 \u00e7al\u0131\u015fma ger\u00e7ekle\u015ftirdi. Turizmin incisi Ku\u015fadas\u0131\u2019nda ger\u00e7ekle\u015ftirilen \u00e7al\u0131\u015fmalar vatanda\u015flardan da tam not ald\u0131.<\/p>\n<p>Park ve Bah\u00e7eler Dairesi Ba\u015fkanl\u0131\u011f\u0131 ekipleri taraf\u0131ndan hayata ge\u00e7irilen \u00e7evre ve peyzaj d\u00fczenlemeleri h\u0131zla tamamland\u0131. Ekipler, s\u00fcr\u00fcc\u00fcler ile yayalar\u0131n mal ve can g\u00fcvenli\u011fi i\u00e7in budama \u00e7al\u0131\u015fmas\u0131 ger\u00e7ekle\u015ftirdi. Cadde ve bulvarlarda \u00e7\u0131rpma, trim\u00f6r, bak\u0131m ve temizlik faaliyetleri ger\u00e7ekle\u015ftirildi. Davutlar ve G\u00fczel\u00e7aml\u0131, B\u00fcy\u00fck\u015fehir Belediyesi\u2019nin fidanl\u0131klar\u0131nda yeti\u015ftirilen mevsimlik \u00e7i\u00e7ekler ile renklendi.<\/p>\n<p>\u00c7evre Koruma ve Kontrol Dairesi Ba\u015fkanl\u0131\u011f\u0131 ekipleri, cadde ve bulvarlar ile otob\u00fcs duraklar\u0131nda detayl\u0131 \u00e7evre bak\u0131m \u00e7al\u0131\u015fmas\u0131 ger\u00e7ekle\u015ftirdi. Mesai mefhumu g\u00f6zetmeksizin s\u00fcrd\u00fcr\u00fclen \u00e7al\u0131\u015fmalar ile Davutlar ve G\u00fczel\u00e7aml\u0131 temizlendi.<\/p>\n<p>Ba\u015fkan \u00c7er\u00e7io\u011flu: &#8220;Hizmetlerimiz artarak devam edecek&#8221;<br \/>\n<br \/>Ayd\u0131n\u2019\u0131n her noktas\u0131nda oldu\u011fu gibi Ku\u015fadas\u0131\u2019nda da \u00e7al\u0131\u015fmalar\u0131n aral\u0131ks\u0131z s\u00fcrd\u00fc\u011f\u00fcn\u00fc vurgulayan Ayd\u0131n B\u00fcy\u00fck\u015fehir Belediye Ba\u015fkan\u0131 \u00d6zlem \u00c7er\u00e7io\u011flu, &#8220;Vatanda\u015flar\u0131m\u0131z\u0131n daha konforlu ve g\u00fcvenli bir \u00e7evrede ya\u015famas\u0131 i\u00e7in \u00e7al\u0131\u015fmalar\u0131m\u0131z t\u00fcm h\u0131z\u0131yla devam ediyor. Hizmetlerimiz artarak devam edecek&#8221; dedi.<\/p>\n<p>Ku\u015fadas\u0131\u2019nda ya\u015fayan vatanda\u015flar, B\u00fcy\u00fck\u015fehir Belediyesi\u2019nin hizmetlerinden duyduklar\u0131 memnuniyeti dile getirerek Ba\u015fkan \u00c7er\u00e7io\u011flu\u2019na te\u015fekk\u00fcr etti.<br \/><\/p>\n","protected":false},"excerpt":{"rendered":"<p>Ayd\u0131n B\u00fcy\u00fck\u015fehir Belediye Ba\u015fkan\u0131 \u00d6zlem \u00c7er\u00e7io\u011flu taraf\u0131ndan Ayd\u0131n kent genelinde ger\u00e7ekle\u015ftirilen \u00e7al\u0131\u015fmalar devam ediyor. B\u00fcy\u00fck\u015fehir Belediyesi Park ve Bah\u00e7eler Dairesi Ba\u015fkanl\u0131\u011f\u0131 ekipleri ile \u00c7evre Koruma ve Kontrol Dairesi Ba\u015fkanl\u0131\u011f\u0131 ekipleri, Ku\u015fadas\u0131 il\u00e7esine ba\u011fl\u0131 Davutlar ve G\u00fczel\u00e7aml\u0131 Mahallelerinde kapsaml\u0131 \u00e7al\u0131\u015fma ger\u00e7ekle\u015ftirdi. Turizmin incisi Ku\u015fadas\u0131\u2019nda ger\u00e7ekle\u015ftirilen \u00e7al\u0131\u015fmalar vatanda\u015flardan da tam not ald\u0131. Park ve Bah\u00e7eler Dairesi Ba\u015fkanl\u0131\u011f\u0131&#8230;<\/p>\n","protected":false},"author":1,"featured_media":14256,"comment_status":"open","ping_status":"open","sticky":false,"template":"","format":"standard","meta":{"_crdt_document":"","footnotes":""},"categories":[1],"tags":[],"class_list":["post-14255","post","type-post","status-publish","format-standard","has-post-thumbnail","hentry","category-guncel"],"_links":{"self":[{"href":"https:\/\/www.egemtv.com\/index.php?rest_route=\/wp\/v2\/posts\/14255","targetHints":{"allow":["GET"]}}],"collection":[{"href":"https:\/\/www.egemtv.com\/index.php?rest_route=\/wp\/v2\/posts"}],"about":[{"href":"https:\/\/www.egemtv.com\/index.php?rest_route=\/wp\/v2\/types\/post"}],"author":[{"embeddable":true,"href":"https:\/\/www.egemtv.com\/index.php?rest_route=\/wp\/v2\/users\/1"}],"replies":[{"embeddable":true,"href":"https:\/\/www.egemtv.com\/index.php?rest_route=%2Fwp%2Fv2%2Fcomments&post=14255"}],"version-history":[{"count":1,"href":"https:\/\/www.egemtv.com\/index.php?rest_route=\/wp\/v2\/posts\/14255\/revisions"}],"predecessor-version":[{"id":14257,"href":"https:\/\/www.egemtv.com\/index.php?rest_route=\/wp\/v2\/posts\/14255\/revisions\/14257"}],"wp:featuredmedia":[{"embeddable":true,"href":"https:\/\/www.egemtv.com\/index.php?rest_route=\/wp\/v2\/media\/14256"}],"wp:attachment":[{"href":"https:\/\/www.egemtv.com\/index.php?rest_route=%2Fwp%2Fv2%2Fmedia&parent=14255"}],"wp:term":[{"taxonomy":"category","embeddable":true,"href":"https:\/\/www.egemtv.com\/index.php?rest_route=%2Fwp%2Fv2%2Fcategories&post=14255"},{"taxonomy":"post_tag","embeddable":true,"href":"https:\/\/www.egemtv.com\/index.php?rest_route=%2Fwp%2Fv2%2Ftags&post=14255"}],"curies":[{"name":"wp","href":"https:\/\/api.w.org\/{rel}","templated":true}]}}