{"id":14252,"date":"2025-02-01T09:08:03","date_gmt":"2025-02-01T06:08:03","guid":{"rendered":"https:\/\/www.egemtv.com\/?p=14252"},"modified":"2025-02-01T09:08:08","modified_gmt":"2025-02-01T06:08:08","slug":"cameli-belediyesi-arac-filosunu-3-yeni-aracla-guclendirdi","status":"publish","type":"post","link":"https:\/\/www.egemtv.com\/?p=14252","title":{"rendered":"\u00c7ameli Belediyesi ara\u00e7 filosunu 3 yeni ara\u00e7la g\u00fc\u00e7lendirdi"},"content":{"rendered":"<p>Denizli\u2019de \u00c7ameli Belediyesi 3 yeni hizmet arac\u0131 t\u00f6renle hizmete al\u0131m ger\u00e7ekle\u015ftirdi. \u00c7ameli Belediyesi hizmet kapasitesini art\u0131rmak amac\u0131yla filosuna 1 adet greyder, 1 adet asfalt atma arac\u0131 ve 1 adet zab\u0131ta arac\u0131 dahil ederek vatanda\u015flar\u0131n hizmetine sundu. A\u00e7\u0131l\u0131\u015f t\u00f6reninde a\u00e7\u0131klamalarda bulunan \u00c7ameli Belediye Ba\u015fkan\u0131 Cengiz Arslan, &#8220;3 hizmet arac\u0131m\u0131z\u0131 da Belediye b\u00fct\u00e7esinden para \u00e7\u0131karmadan ald\u0131k ve greyder i\u015f makinemiz ise en az 50 y\u0131l kullanaca\u011f\u0131m\u0131z bir i\u015f makinemizi ve belediyemize kazand\u0131rd\u0131k&#8221; dedi.<\/p>\n<p>\u00c7ameli Belediyesi, hizmet kalitesini art\u0131rmaya y\u00f6nelik \u00e7al\u0131\u015fmalar\u0131na h\u0131z kesmeden devam ediyor. Denizli\u2019nin \u00c7ameli il\u00e7esinde, \u00c7ameli Belediyesi, hizmet kapasitesini art\u0131rmak amac\u0131yla 3 yeni ara\u00e7 al\u0131m\u0131n\u0131 t\u00f6renle ger\u00e7ekle\u015ftirdi. Belediyenin filosuna dahil edilen 1 adet greyder, 1 adet asfalt atma arac\u0131 ve 1 adet zab\u0131ta arac\u0131, vatanda\u015flar\u0131n daha kaliteli hizmet almas\u0131n\u0131 sa\u011flamak i\u00e7in kullan\u0131ma sunuldu. A\u00e7\u0131l\u0131\u015ftan \u00f6nce kurban kesimi ger\u00e7ekle\u015ftirildi. Yeni al\u0131nan ara\u00e7lar\u0131n, il\u00e7edeki yol yap\u0131m ve bak\u0131m \u00e7al\u0131\u015fmalar\u0131, asfalts\u0131z alanlar\u0131n asfaltlanmas\u0131 ve zab\u0131ta denetimlerinin daha etkin bir \u015fekilde yap\u0131lmas\u0131na katk\u0131 sa\u011flayaca\u011f\u0131 belirtildi.<\/p>\n<p>A\u00e7\u0131l\u0131\u015f t\u00f6renine, \u00c7ameli Belediye Ba\u015fkan\u0131 Cengiz Arslan, \u00c7ameli Kaymakam\u0131 Talha Tunahan Y\u0131ld\u0131r\u0131m, AK Parti Denizli \u0130l Ba\u015fkan\u0131 Muhammet Suba\u015f\u0131o\u011flu, te\u015fkilat \u00fcyeleri, belediye meclis \u00fcyeleri, sivil toplum kurulu\u015flar\u0131n temsilcileri ve vatanda\u015flar\u0131n kat\u0131l\u0131m\u0131 ile ger\u00e7ekle\u015ftirildi.<\/p>\n<p>&#8220;3 hizmet arac\u0131m\u0131z\u0131 da Belediye b\u00fct\u00e7esinden para \u00e7\u0131karmadan kazand\u0131rd\u0131k&#8221;<br \/>\n<br \/>\u00c7ameli Belediyesi\u2019nin 3 yeni hizmet arac\u0131n\u0131 t\u00f6renle hizmete al\u0131nd\u0131\u011f\u0131 ve Belediye b\u00fct\u00e7esinden para \u00e7\u0131karmadan kazand\u0131rd\u0131klar\u0131n\u0131 dile getiren \u00c7ameli Belediye Ba\u015fkan\u0131 Cengiz Arslan, &#8220;\u0130n\u015fallah bu y\u0131l kendi yerli ve milli imkanlar\u0131m\u0131zla asfaltlar\u0131m\u0131z\u0131 atm\u0131\u015f olaca\u011f\u0131z. Belediyemize kazand\u0131\u011f\u0131m\u0131z 3 arac\u0131 da Belediye b\u00fct\u00e7esinden para \u00e7\u0131karmadan kazand\u0131rd\u0131k. Para ile bor\u00e7lanmayla herkes al\u0131r. Biz bunlar\u0131 bor\u00e7lanmadan \u00c7ameli Belediye\u2019mize kazand\u0131rd\u0131k. Se\u00e7imden sonra 1 Nisan itibaren gece g\u00fcnd\u00fcz \u00e7al\u0131\u015fmalar\u0131m\u0131z\u0131 devam ettik&#8221; dedi.<\/p>\n<p>&#8220;\u00c7ameli il\u00e7emizin y\u00fczde 80\u2019inine do\u011fal gaz geldi&#8221;<br \/>\n<br \/>\u00c7ameli il\u00e7esinde y\u00fczde 80\u2019inine do\u011fal gez geldi\u011fini ve hizmet vereceklerini belirten Ba\u015fkan Arslan, &#8220;\u00c7ameli \u2018ye do\u011falgaz getiremez dediler ama biz getirdik. \u015euan itibaren \u00c7ameli il\u00e7emizin y\u00fczde 80\u2019inine do\u011fal gaz geldi. Bu sene de bu konuda \u00e7al\u0131\u015fmalar\u0131m\u0131z devam edecek. Bu hizmetleri biz b\u00fct\u00fcn ekip arkada\u015flar\u0131m\u0131zla ve milletvekillerimizin destekleri ile 11 y\u0131ld\u0131r hizmet etmeye devam ettik ve devam edece\u011fiz. Hi\u00e7 durmayaca\u011f\u0131z gece g\u00fcnd\u00fcz hizmetler i\u00e7in ko\u015fturaca\u011f\u0131z&#8221; diye konu\u015ftu.<\/p>\n<p>&#8220;En az 50 y\u0131l kullanaca\u011f\u0131m\u0131z bir i\u015f makinemizi belediyemizi kazand\u0131rd\u0131k&#8221;<br \/>\n<br \/>Hizmete kazand\u0131r\u0131lan ara\u00e7lardan greyderin \u00f6nemli oldu\u011funu ve en az 50 y\u0131l kullan\u0131lacak bir i\u015f makinesini belediyeye kazand\u0131rarak mutlu olduklar\u0131n\u0131 ifade eden Ba\u015fkan Arslan, &#8220;3 arac\u0131m\u0131z\u0131 hizmete alaca\u011f\u0131z. Bizim i\u00e7in en \u00f6nemlisi greyder oldu. En b\u00fcy\u00fck eksiklerimizden birisi greyderdi. En az 50 y\u0131l kullanaca\u011f\u0131m\u0131z bir i\u015f makinemizi belediyemizi kazand\u0131rd\u0131k. Sadece kendimiz i\u00e7in de\u011fil biz yar\u0131nlar\u0131m\u0131z\u0131 da d\u00fc\u015f\u00fcn\u00fcyoruz. 50 y\u0131l i\u00e7indeki se\u00e7ilecek ba\u015fkanlar, muhtarlar da bu i\u015f makinesinden yararlanacaklar. Burada kat\u0131l\u0131m sa\u011flayan i\u015f te\u015fkilat\u0131m\u0131z\u0131, vatanda\u015flar\u0131m\u0131z\u0131 \u00e7ok te\u015fekk\u00fcr ediyorum. \u00c7ameli Belediyemize kazand\u0131\u011f\u0131m\u0131z 3 arac\u0131m\u0131z da hay\u0131rl\u0131 u\u011furlu olsun diliyorum&#8221; dedi.<\/p>\n<p>&#8220;\u00c7ameli\u2019mizin Denizli\u2019nin parlayan bir y\u0131ld\u0131z\u0131 haline geldi&#8221;<br \/>\n<br \/>\u00c7ameli\u2019nin Denizli i\u00e7in paralayan bir y\u0131ld\u0131z\u0131 haline geldi\u011fini ve turizm alan\u0131nda a\u00e7\u0131klamalar veren AK Parti Denizli \u0130l Ba\u015fkan\u0131 Muhammet Suba\u015f\u0131o\u011flu; &#8220;Hizmet, proje, \u00e7al\u0131\u015fmak demek bizleri mutlu ediyor. Biz \u00e7al\u0131\u015fmaktan mutlu oluyoruz. B\u00f6yle g\u00fczel bir hizmet t\u00f6reninde sizlerle birlikte olmaktan b\u00fcy\u00fck bir mutluluk duyuyoruz. Gelirken arkada\u015flar\u0131m\u0131zla geriye d\u00f6n\u00fck bakt\u0131\u011f\u0131m\u0131z zaman, hakikaten \u00c7ameli\u2019mizin Denizli\u2019nin parlayan bir y\u0131ld\u0131z\u0131 haline geldi. \u00c7ameli \u2019ye \u00e7ok daha fazla turizm yat\u0131r\u0131m\u0131 yap\u0131lmas\u0131 laz\u0131m. \u0130klim de\u011fi\u015fikli\u011fi ile birlikte \u00c7ameli\u2019nin iklimi bu b\u00f6lgenin en \u00f6nemli iklim potansiyellerinden birisi. Dolay\u0131s\u0131yla turizm i\u00e7in \u00c7ameli\u2019nin \u00f6n\u00fc a\u00e7\u0131k. Allah\u2019\u0131n izniyle 2002\u2019den bu yana \u00c7ameli \u015feytan\u0131n baca\u011f\u0131n\u0131 bir k\u0131rd\u0131 pir k\u0131rd\u0131. Bug\u00fcne kadar yap\u0131lan bu hizmetler devam edecek&#8221; ifadelerini kulland\u0131.<br \/><\/p>\n","protected":false},"excerpt":{"rendered":"<p>Denizli\u2019de \u00c7ameli Belediyesi 3 yeni hizmet arac\u0131 t\u00f6renle hizmete al\u0131m ger\u00e7ekle\u015ftirdi. \u00c7ameli Belediyesi hizmet kapasitesini art\u0131rmak amac\u0131yla filosuna 1 adet greyder, 1 adet asfalt atma arac\u0131 ve 1 adet zab\u0131ta arac\u0131 dahil ederek vatanda\u015flar\u0131n hizmetine sundu. A\u00e7\u0131l\u0131\u015f t\u00f6reninde a\u00e7\u0131klamalarda bulunan \u00c7ameli Belediye Ba\u015fkan\u0131 Cengiz Arslan, &#8220;3 hizmet arac\u0131m\u0131z\u0131 da Belediye b\u00fct\u00e7esinden para \u00e7\u0131karmadan ald\u0131k ve&#8230;<\/p>\n","protected":false},"author":1,"featured_media":14253,"comment_status":"open","ping_status":"open","sticky":false,"template":"","format":"standard","meta":{"_crdt_document":"","footnotes":""},"categories":[127],"tags":[],"class_list":["post-14252","post","type-post","status-publish","format-standard","has-post-thumbnail","hentry","category-siyaset"],"_links":{"self":[{"href":"https:\/\/www.egemtv.com\/index.php?rest_route=\/wp\/v2\/posts\/14252","targetHints":{"allow":["GET"]}}],"collection":[{"href":"https:\/\/www.egemtv.com\/index.php?rest_route=\/wp\/v2\/posts"}],"about":[{"href":"https:\/\/www.egemtv.com\/index.php?rest_route=\/wp\/v2\/types\/post"}],"author":[{"embeddable":true,"href":"https:\/\/www.egemtv.com\/index.php?rest_route=\/wp\/v2\/users\/1"}],"replies":[{"embeddable":true,"href":"https:\/\/www.egemtv.com\/index.php?rest_route=%2Fwp%2Fv2%2Fcomments&post=14252"}],"version-history":[{"count":1,"href":"https:\/\/www.egemtv.com\/index.php?rest_route=\/wp\/v2\/posts\/14252\/revisions"}],"predecessor-version":[{"id":14254,"href":"https:\/\/www.egemtv.com\/index.php?rest_route=\/wp\/v2\/posts\/14252\/revisions\/14254"}],"wp:featuredmedia":[{"embeddable":true,"href":"https:\/\/www.egemtv.com\/index.php?rest_route=\/wp\/v2\/media\/14253"}],"wp:attachment":[{"href":"https:\/\/www.egemtv.com\/index.php?rest_route=%2Fwp%2Fv2%2Fmedia&parent=14252"}],"wp:term":[{"taxonomy":"category","embeddable":true,"href":"https:\/\/www.egemtv.com\/index.php?rest_route=%2Fwp%2Fv2%2Fcategories&post=14252"},{"taxonomy":"post_tag","embeddable":true,"href":"https:\/\/www.egemtv.com\/index.php?rest_route=%2Fwp%2Fv2%2Ftags&post=14252"}],"curies":[{"name":"wp","href":"https:\/\/api.w.org\/{rel}","templated":true}]}}