{"id":14246,"date":"2025-01-31T23:31:57","date_gmt":"2025-01-31T20:31:57","guid":{"rendered":"https:\/\/www.egemtv.com\/?p=14246"},"modified":"2025-01-31T23:32:01","modified_gmt":"2025-01-31T20:32:01","slug":"duzeltme-motosiklet-kazasinda-yaralanan-genc-71-gun-sonra-hayatini-kaybetti","status":"publish","type":"post","link":"https:\/\/www.egemtv.com\/?p=14246","title":{"rendered":"(D\u00fczeltme) &#8211; Motosiklet kazas\u0131nda yaralanan gen\u00e7 71 g\u00fcn sonra hayat\u0131n\u0131 kaybetti"},"content":{"rendered":"<p>Denizli\u2019de tek tarafl\u0131 motosiklet kazas\u0131nda a\u011f\u0131r yaralanan 23 ya\u015f\u0131ndaki gen\u00e7 71 g\u00fcnl\u00fck ya\u015fam m\u00fccadelesini kaybetti.<\/p>\n<p>Kaza, Ac\u0131payam il\u00e7esi Sandalc\u0131k Mahallesi yolunda 20 Kas\u0131m 2024 tarihinde meydana geldi. Edinilen bilgilere g\u00f6re Mu\u011fla\u2019n\u0131n Fethiye il\u00e7esinde faaliyet g\u00f6steren madende \u00e7al\u0131\u015fan Bayram Kaplan (23), hafta sonu izni i\u00e7in Ac\u0131payam il\u00e7esinde ya\u015fayan ailesinin yan\u0131na gitmek istedi. Plakas\u0131 \u00f6\u011frenilemeyen motosikleti ile yola \u00e7\u0131kan Bayram Kaplan, Sandalc\u0131k Mahallesi yolunda direksiyon hakimiyetini kaybederek kaza yapt\u0131. Bayram Kaplan\u2019\u0131n kaza yapt\u0131\u011f\u0131n\u0131 g\u00f6ren vatanda\u015flar\u0131n ihbar\u0131 \u00fczerine b\u00f6lgeye jandarma ve sa\u011fl\u0131k ekipleri sevk edildi.<\/p>\n<p>Sa\u011fl\u0131k ekipleri kafas\u0131ndan darbe alan genci ambulansla hastaneye sevk etti. Burada tedavisinin ard\u0131ndan yo\u011fun bak\u0131m \u00fcnitesine al\u0131nan Bayram Kaplan, kazadan 71 g\u00fcn sonra doktorlar\u0131n t\u00fcm m\u00fcdahalesine ra\u011fmen hayat\u0131n\u0131 kaybetti. Bayram Kaplan\u2019\u0131n cenazesi otopsi yap\u0131lmak \u00fczere Adli T\u0131p Kurumu Grup Ba\u015fkanl\u0131\u011f\u0131 morguna kald\u0131r\u0131ld\u0131.<br \/><\/p>\n","protected":false},"excerpt":{"rendered":"<p>Denizli\u2019de tek tarafl\u0131 motosiklet kazas\u0131nda a\u011f\u0131r yaralanan 23 ya\u015f\u0131ndaki gen\u00e7 71 g\u00fcnl\u00fck ya\u015fam m\u00fccadelesini kaybetti. Kaza, Ac\u0131payam il\u00e7esi Sandalc\u0131k Mahallesi yolunda 20 Kas\u0131m 2024 tarihinde meydana geldi. Edinilen bilgilere g\u00f6re Mu\u011fla\u2019n\u0131n Fethiye il\u00e7esinde faaliyet g\u00f6steren madende \u00e7al\u0131\u015fan Bayram Kaplan (23), hafta sonu izni i\u00e7in Ac\u0131payam il\u00e7esinde ya\u015fayan ailesinin yan\u0131na gitmek istedi. Plakas\u0131 \u00f6\u011frenilemeyen motosikleti ile&#8230;<\/p>\n","protected":false},"author":1,"featured_media":14247,"comment_status":"open","ping_status":"open","sticky":false,"template":"","format":"standard","meta":{"_crdt_document":"","footnotes":""},"categories":[5],"tags":[],"class_list":["post-14246","post","type-post","status-publish","format-standard","has-post-thumbnail","hentry","category-asayis"],"_links":{"self":[{"href":"https:\/\/www.egemtv.com\/index.php?rest_route=\/wp\/v2\/posts\/14246","targetHints":{"allow":["GET"]}}],"collection":[{"href":"https:\/\/www.egemtv.com\/index.php?rest_route=\/wp\/v2\/posts"}],"about":[{"href":"https:\/\/www.egemtv.com\/index.php?rest_route=\/wp\/v2\/types\/post"}],"author":[{"embeddable":true,"href":"https:\/\/www.egemtv.com\/index.php?rest_route=\/wp\/v2\/users\/1"}],"replies":[{"embeddable":true,"href":"https:\/\/www.egemtv.com\/index.php?rest_route=%2Fwp%2Fv2%2Fcomments&post=14246"}],"version-history":[{"count":1,"href":"https:\/\/www.egemtv.com\/index.php?rest_route=\/wp\/v2\/posts\/14246\/revisions"}],"predecessor-version":[{"id":14248,"href":"https:\/\/www.egemtv.com\/index.php?rest_route=\/wp\/v2\/posts\/14246\/revisions\/14248"}],"wp:featuredmedia":[{"embeddable":true,"href":"https:\/\/www.egemtv.com\/index.php?rest_route=\/wp\/v2\/media\/14247"}],"wp:attachment":[{"href":"https:\/\/www.egemtv.com\/index.php?rest_route=%2Fwp%2Fv2%2Fmedia&parent=14246"}],"wp:term":[{"taxonomy":"category","embeddable":true,"href":"https:\/\/www.egemtv.com\/index.php?rest_route=%2Fwp%2Fv2%2Fcategories&post=14246"},{"taxonomy":"post_tag","embeddable":true,"href":"https:\/\/www.egemtv.com\/index.php?rest_route=%2Fwp%2Fv2%2Ftags&post=14246"}],"curies":[{"name":"wp","href":"https:\/\/api.w.org\/{rel}","templated":true}]}}