{"id":14243,"date":"2025-01-31T22:51:44","date_gmt":"2025-01-31T19:51:44","guid":{"rendered":"https:\/\/www.egemtv.com\/?p=14243"},"modified":"2025-01-31T22:51:48","modified_gmt":"2025-01-31T19:51:48","slug":"bakan-memisoglu-son-22-yilda-kutahyaya-48-saglik-tesisi-kazandirildi","status":"publish","type":"post","link":"https:\/\/www.egemtv.com\/?p=14243","title":{"rendered":"Bakan Memi\u015fo\u011flu: &#8220;Son 22 y\u0131lda K\u00fctahya\u2019ya 48 sa\u011fl\u0131k tesisi kazand\u0131r\u0131ld\u0131&#8221;"},"content":{"rendered":"<p>Sa\u011fl\u0131k Bakan\u0131 Kemal Memi\u015fo\u011flu, son 22 y\u0131lda K\u00fctahya\u2019ya 48 sa\u011fl\u0131k tesisi kazand\u0131r\u0131ld\u0131\u011f\u0131n\u0131 belirterek, \u015fehir hastanesinin g\u00fc\u00e7l\u00fc altyap\u0131s\u0131 ve e\u011fitim-ara\u015ft\u0131rma kapasitesiyle b\u00f6lge halk\u0131na en iyi sa\u011fl\u0131k hizmetini sundu\u011funu s\u00f6yledi.<br \/>\n<br \/>K\u00fctahya Valili\u011fi\u2019ni ziyaret eden Sa\u011fl\u0131k Bakan\u0131 Kemal Memi\u015fo\u011flu, kentteki sa\u011fl\u0131k yat\u0131r\u0131mlar\u0131 ve hizmetleri hakk\u0131nda a\u00e7\u0131klamalarda bulundu. Bakan Memi\u015fo\u011flu d\u00fczenledi\u011fi bas\u0131n toplant\u0131s\u0131nda, &#8220;Sa\u011fl\u0131kl\u0131 T\u00fcrkiye Y\u00fczy\u0131l\u0131&#8221; kapsam\u0131nda \u015fehirleri ziyaret etmeye devam ettiklerini ve K\u00fctahya\u2019n\u0131n bu s\u00fcrecin 41. dura\u011f\u0131 oldu\u011funu belirtti. Bakan Memi\u015fo\u011flu, son 22 y\u0131lda K\u00fctahya\u2019ya 48 sa\u011fl\u0131k tesisi kazand\u0131r\u0131ld\u0131\u011f\u0131n\u0131 vurgulayarak, \u015fehir hastanesinin g\u00fc\u00e7l\u00fc altyap\u0131s\u0131 ve e\u011fitim-ara\u015ft\u0131rma kapasitesiyle b\u00f6lge halk\u0131na en iyi sa\u011fl\u0131k hizmetini sundu\u011funu ifade etti. Memi\u015fo\u011flu, ancak as\u0131l ama\u00e7lar\u0131n\u0131n hastal\u0131klar\u0131 tedavi etmekten \u00f6te insanlar\u0131n sa\u011fl\u0131kl\u0131 kalmas\u0131n\u0131 sa\u011flamak oldu\u011funu belirtti. Koruyucu sa\u011fl\u0131k hizmetlerini \u00f6n planda tuttuklar\u0131n\u0131 dile getiren Bakan Memi\u015fo\u011flu, vatanda\u015flar\u0131n hastalanmadan \u00f6nce sa\u011fl\u0131klar\u0131n\u0131 koruyabilmeleri i\u00e7in aile hekimlikleri, aile sa\u011fl\u0131\u011f\u0131 merkezleri ve sa\u011fl\u0131k hayat merkezlerinin hizmete sunuldu\u011funu aktard\u0131. Ayr\u0131ca ba\u011f\u0131ml\u0131l\u0131kla m\u00fccadeleye b\u00fcy\u00fck \u00f6nem verdiklerini belirten Bakan Memi\u015fo\u011flu, sa\u011fl\u0131kl\u0131 ya\u015fam konusunda bilin\u00e7lendirme \u00e7al\u0131\u015fmalar\u0131n\u0131n s\u00fcrd\u00fc\u011f\u00fcn\u00fc kaydetti.<\/p>\n<p>K\u00fctahya\u2019da 827 hekim g\u00f6rev yap\u0131yor<br \/>\n<br \/>Kentte sa\u011fl\u0131k hizmetlerinin g\u00fc\u00e7lendirilmesi i\u00e7in \u00f6nemli ad\u0131mlar att\u0131klar\u0131n\u0131 ifade eden Bakan Memi\u015fo\u011flu, K\u00fctahya\u2019da 433\u2019\u00fc uzman olmak \u00fczere toplam 827 hekimin g\u00f6rev yapt\u0131\u011f\u0131n\u0131 belirtti. Memi\u015fo\u011flu, sa\u011fl\u0131k \u00e7al\u0131\u015fanlar\u0131yla birlikte halk\u0131n en iyi sa\u011fl\u0131k hizmetini alabilmesi i\u00e7in \u00e7al\u0131\u015fmalar\u0131n aral\u0131ks\u0131z devam etti\u011fini s\u00f6zlerine ekledi.<br \/>\n<br \/>Bas\u0131n a\u00e7\u0131klamas\u0131nda Vali Musa I\u015f\u0131n, AK Parti K\u00fctahya milletvekilleri Adil Bi\u00e7er, \u0130smail \u00c7a\u011flar Bay\u0131rc\u0131 ve Mehmet Demir ile Belediye Ba\u015fkan\u0131 Ey\u00fcp Kahveci ve AK Parti K\u00fctahya \u0130l Ba\u015fkan\u0131 Ceyda \u00c7etin Erenler de yer ald\u0131.<br \/><\/p>\n","protected":false},"excerpt":{"rendered":"<p>Sa\u011fl\u0131k Bakan\u0131 Kemal Memi\u015fo\u011flu, son 22 y\u0131lda K\u00fctahya\u2019ya 48 sa\u011fl\u0131k tesisi kazand\u0131r\u0131ld\u0131\u011f\u0131n\u0131 belirterek, \u015fehir hastanesinin g\u00fc\u00e7l\u00fc altyap\u0131s\u0131 ve e\u011fitim-ara\u015ft\u0131rma kapasitesiyle b\u00f6lge halk\u0131na en iyi sa\u011fl\u0131k hizmetini sundu\u011funu s\u00f6yledi. K\u00fctahya Valili\u011fi\u2019ni ziyaret eden Sa\u011fl\u0131k Bakan\u0131 Kemal Memi\u015fo\u011flu, kentteki sa\u011fl\u0131k yat\u0131r\u0131mlar\u0131 ve hizmetleri hakk\u0131nda a\u00e7\u0131klamalarda bulundu. Bakan Memi\u015fo\u011flu d\u00fczenledi\u011fi bas\u0131n toplant\u0131s\u0131nda, &#8220;Sa\u011fl\u0131kl\u0131 T\u00fcrkiye Y\u00fczy\u0131l\u0131&#8221; kapsam\u0131nda \u015fehirleri ziyaret&#8230;<\/p>\n","protected":false},"author":1,"featured_media":14244,"comment_status":"open","ping_status":"open","sticky":false,"template":"","format":"standard","meta":{"_crdt_document":"","footnotes":""},"categories":[127],"tags":[],"class_list":["post-14243","post","type-post","status-publish","format-standard","has-post-thumbnail","hentry","category-siyaset"],"_links":{"self":[{"href":"https:\/\/www.egemtv.com\/index.php?rest_route=\/wp\/v2\/posts\/14243","targetHints":{"allow":["GET"]}}],"collection":[{"href":"https:\/\/www.egemtv.com\/index.php?rest_route=\/wp\/v2\/posts"}],"about":[{"href":"https:\/\/www.egemtv.com\/index.php?rest_route=\/wp\/v2\/types\/post"}],"author":[{"embeddable":true,"href":"https:\/\/www.egemtv.com\/index.php?rest_route=\/wp\/v2\/users\/1"}],"replies":[{"embeddable":true,"href":"https:\/\/www.egemtv.com\/index.php?rest_route=%2Fwp%2Fv2%2Fcomments&post=14243"}],"version-history":[{"count":1,"href":"https:\/\/www.egemtv.com\/index.php?rest_route=\/wp\/v2\/posts\/14243\/revisions"}],"predecessor-version":[{"id":14245,"href":"https:\/\/www.egemtv.com\/index.php?rest_route=\/wp\/v2\/posts\/14243\/revisions\/14245"}],"wp:featuredmedia":[{"embeddable":true,"href":"https:\/\/www.egemtv.com\/index.php?rest_route=\/wp\/v2\/media\/14244"}],"wp:attachment":[{"href":"https:\/\/www.egemtv.com\/index.php?rest_route=%2Fwp%2Fv2%2Fmedia&parent=14243"}],"wp:term":[{"taxonomy":"category","embeddable":true,"href":"https:\/\/www.egemtv.com\/index.php?rest_route=%2Fwp%2Fv2%2Fcategories&post=14243"},{"taxonomy":"post_tag","embeddable":true,"href":"https:\/\/www.egemtv.com\/index.php?rest_route=%2Fwp%2Fv2%2Ftags&post=14243"}],"curies":[{"name":"wp","href":"https:\/\/api.w.org\/{rel}","templated":true}]}}