{"id":14238,"date":"2025-01-31T22:11:39","date_gmt":"2025-01-31T19:11:39","guid":{"rendered":"https:\/\/www.egemtv.com\/?p=14238"},"modified":"2025-01-31T22:11:42","modified_gmt":"2025-01-31T19:11:42","slug":"fethiyede-19-yil-once-kaybolan-kizi-oldurdukleri-iddia-edilen-2-kisi-tutuklandi","status":"publish","type":"post","link":"https:\/\/www.egemtv.com\/?p=14238","title":{"rendered":"Fethiye\u2019de 19 y\u0131l \u00f6nce kaybolan k\u0131z\u0131 \u00f6ld\u00fcrd\u00fckleri iddia edilen 2 ki\u015fi tutukland\u0131"},"content":{"rendered":"<p>Mu\u011fla\u2019n\u0131n Fethiye il\u00e7esinde 19 y\u0131ld\u0131r ailesinin haber alamad\u0131\u011f\u0131 o d\u00f6nem 17 ya\u015f\u0131ndaki k\u0131z\u0131 \u00f6ld\u00fcrd\u00fckleri iddias\u0131yla g\u00f6zalt\u0131na al\u0131nan 3 \u015f\u00fcpheliden 2\u2019si tutukland\u0131.<br \/>\n<br \/>Mu\u011fla\u2019n\u0131n Fethiye il\u00e7esinde 2006 y\u0131l\u0131nda ailesinin kay\u0131p olarak bildirdi\u011fi 17 ya\u015f\u0131ndaki k\u0131z\u0131 \u00f6ld\u00fcrd\u00fckleri iddias\u0131yla g\u00f6zalt\u0131na al\u0131nan 3 \u015f\u00fcpheliden 2\u2019si tutuklanarak cezaevine g\u00f6nderildi.<br \/>\n<br \/>Fethiye Cumhuriyet Ba\u015fsavc\u0131l\u0131\u011f\u0131 il\u00e7edeki faili me\u00e7hul olaylar\u0131n ayd\u0131nlat\u0131lmas\u0131na y\u00f6nelik \u00e7al\u0131\u015fma ba\u015flat\u0131rken rafa kald\u0131r\u0131lm\u0131\u015f faili me\u00e7hul dosyalar\u0131n ayd\u0131nlat\u0131labilmesi i\u00e7in \u00f6zel ekiplerle \u00e7al\u0131\u015fma ger\u00e7ekle\u015ftirirken bir dosyay\u0131 daha ayd\u0131nlatt\u0131. Mu\u011fla \u0130l Emniyet M\u00fcd\u00fcrl\u00fc\u011f\u00fc Asayi\u015f \u015eube M\u00fcd\u00fcrl\u00fc\u011f\u00fc ile \u0130l\u00e7e Emniyet M\u00fcd\u00fcrl\u00fc\u011f\u00fc ekipleri Cumhuriyet Ba\u015fsavc\u0131l\u0131\u011f\u0131 \u00f6nc\u00fcl\u00fc\u011f\u00fcnde, 2006\u2019da haber al\u0131namayan Yasemin Dermenci\u2019nin kaybolmas\u0131na ili\u015fkin dosyay\u0131 yeniden ele ald\u0131. Ge\u00e7ti\u011fimiz y\u0131l farkl\u0131 bir kay\u0131p olay\u0131 ile ilgili al\u0131nan ifadelerde, kaybolan Yasemin Dermenci\u2019nin (17) 2006\u2019da t\u00fcfekle \u00f6ld\u00fcr\u00fclerek g\u00f6m\u00fcld\u00fc\u011f\u00fc bilgisi \u00fczerine ekipler teknik ve fiziki takip ba\u015flatt\u0131.<br \/>\n<br \/>Ekiplerin yapt\u0131\u011f\u0131 \u00e7al\u0131\u015fma sonucunda olaya kar\u0131\u015ft\u0131\u011f\u0131 tespit edilen 4 ki\u015fiden 3\u2019\u00fc g\u00f6zalt\u0131na al\u0131nd\u0131. Emniyetteki i\u015flemlerin ard\u0131ndan adliyeye sevk edilen 3 zanl\u0131dan T.K ve \u00d6. D \u00e7\u0131kar\u0131ld\u0131klar\u0131 n\u00f6bet\u00e7i mahkemece tutuklan\u0131rken di\u011fer \u015f\u00fcpheli ise adl\u0131 kontrol \u015fart\u0131yla serbest b\u0131rak\u0131ld\u0131. Olayla ilgili aranan 1 \u015f\u00fcphelinin ise 2011\u2019den bu yana kay\u0131p olarak arand\u0131\u011f\u0131 ortaya \u00e7\u0131kt\u0131.<br \/><\/p>\n","protected":false},"excerpt":{"rendered":"<p>Mu\u011fla\u2019n\u0131n Fethiye il\u00e7esinde 19 y\u0131ld\u0131r ailesinin haber alamad\u0131\u011f\u0131 o d\u00f6nem 17 ya\u015f\u0131ndaki k\u0131z\u0131 \u00f6ld\u00fcrd\u00fckleri iddias\u0131yla g\u00f6zalt\u0131na al\u0131nan 3 \u015f\u00fcpheliden 2\u2019si tutukland\u0131. Mu\u011fla\u2019n\u0131n Fethiye il\u00e7esinde 2006 y\u0131l\u0131nda ailesinin kay\u0131p olarak bildirdi\u011fi 17 ya\u015f\u0131ndaki k\u0131z\u0131 \u00f6ld\u00fcrd\u00fckleri iddias\u0131yla g\u00f6zalt\u0131na al\u0131nan 3 \u015f\u00fcpheliden 2\u2019si tutuklanarak cezaevine g\u00f6nderildi. Fethiye Cumhuriyet Ba\u015fsavc\u0131l\u0131\u011f\u0131 il\u00e7edeki faili me\u00e7hul olaylar\u0131n ayd\u0131nlat\u0131lmas\u0131na y\u00f6nelik \u00e7al\u0131\u015fma ba\u015flat\u0131rken rafa&#8230;<\/p>\n","protected":false},"author":1,"featured_media":14239,"comment_status":"open","ping_status":"open","sticky":false,"template":"","format":"standard","meta":{"_crdt_document":"","footnotes":""},"categories":[5],"tags":[],"class_list":["post-14238","post","type-post","status-publish","format-standard","has-post-thumbnail","hentry","category-asayis"],"_links":{"self":[{"href":"https:\/\/www.egemtv.com\/index.php?rest_route=\/wp\/v2\/posts\/14238","targetHints":{"allow":["GET"]}}],"collection":[{"href":"https:\/\/www.egemtv.com\/index.php?rest_route=\/wp\/v2\/posts"}],"about":[{"href":"https:\/\/www.egemtv.com\/index.php?rest_route=\/wp\/v2\/types\/post"}],"author":[{"embeddable":true,"href":"https:\/\/www.egemtv.com\/index.php?rest_route=\/wp\/v2\/users\/1"}],"replies":[{"embeddable":true,"href":"https:\/\/www.egemtv.com\/index.php?rest_route=%2Fwp%2Fv2%2Fcomments&post=14238"}],"version-history":[{"count":1,"href":"https:\/\/www.egemtv.com\/index.php?rest_route=\/wp\/v2\/posts\/14238\/revisions"}],"predecessor-version":[{"id":14240,"href":"https:\/\/www.egemtv.com\/index.php?rest_route=\/wp\/v2\/posts\/14238\/revisions\/14240"}],"wp:featuredmedia":[{"embeddable":true,"href":"https:\/\/www.egemtv.com\/index.php?rest_route=\/wp\/v2\/media\/14239"}],"wp:attachment":[{"href":"https:\/\/www.egemtv.com\/index.php?rest_route=%2Fwp%2Fv2%2Fmedia&parent=14238"}],"wp:term":[{"taxonomy":"category","embeddable":true,"href":"https:\/\/www.egemtv.com\/index.php?rest_route=%2Fwp%2Fv2%2Fcategories&post=14238"},{"taxonomy":"post_tag","embeddable":true,"href":"https:\/\/www.egemtv.com\/index.php?rest_route=%2Fwp%2Fv2%2Ftags&post=14238"}],"curies":[{"name":"wp","href":"https:\/\/api.w.org\/{rel}","templated":true}]}}