{"id":14234,"date":"2025-01-31T22:11:38","date_gmt":"2025-01-31T19:11:38","guid":{"rendered":"https:\/\/www.egemtv.com\/?p=14234"},"modified":"2025-01-31T22:11:45","modified_gmt":"2025-01-31T19:11:45","slug":"saadet-partisi-kutahya-il-baskanligina-omer-faruk-evren-atandi-3","status":"publish","type":"post","link":"https:\/\/www.egemtv.com\/?p=14234","title":{"rendered":"Saadet Partisi K\u00fctahya \u0130l Ba\u015fkanl\u0131\u011f\u0131\u2019na \u00d6mer Faruk Evren atand\u0131"},"content":{"rendered":"<p>Saadet Partisi K\u00fctahya \u0130l Ba\u015fkanl\u0131\u011f\u0131\u2019nda g\u00f6rev de\u011fi\u015fimi ya\u015fand\u0131. Parti genel merkezi taraf\u0131ndan al\u0131nan kararla mevcut il ba\u015fkan\u0131 Ahmet Sunar g\u00f6revden al\u0131narak, yerine \u00d6mer Faruk Evren atand\u0131.<br \/>\n<br \/>Saadet Partisi K\u00fctahya \u0130l Ba\u015fkanl\u0131\u011f\u0131\u2019na \u00d6mer Faruk Evren atand\u0131. \u00d6mer Faruk Evren, Saadet Partisi\u2019nin farkl\u0131 kademelerinde g\u00f6rev alm\u0131\u015f deneyimli bir isim olarak biliniyor. Parti y\u00f6netimi, Evren\u2019in g\u00f6reve atanmas\u0131n\u0131n te\u015fkilata yeni bir dinamizm kazand\u0131raca\u011f\u0131n\u0131 belirtti.<br \/><\/p>\n","protected":false},"excerpt":{"rendered":"<p>Saadet Partisi K\u00fctahya \u0130l Ba\u015fkanl\u0131\u011f\u0131\u2019nda g\u00f6rev de\u011fi\u015fimi ya\u015fand\u0131. Parti genel merkezi taraf\u0131ndan al\u0131nan kararla mevcut il ba\u015fkan\u0131 Ahmet Sunar g\u00f6revden al\u0131narak, yerine \u00d6mer Faruk Evren atand\u0131. Saadet Partisi K\u00fctahya \u0130l Ba\u015fkanl\u0131\u011f\u0131\u2019na \u00d6mer Faruk Evren atand\u0131. \u00d6mer Faruk Evren, Saadet Partisi\u2019nin farkl\u0131 kademelerinde g\u00f6rev alm\u0131\u015f deneyimli bir isim olarak biliniyor. Parti y\u00f6netimi, Evren\u2019in g\u00f6reve atanmas\u0131n\u0131n te\u015fkilata&#8230;<\/p>\n","protected":false},"author":1,"featured_media":14236,"comment_status":"open","ping_status":"open","sticky":false,"template":"","format":"standard","meta":{"_crdt_document":"","footnotes":""},"categories":[127],"tags":[],"class_list":["post-14234","post","type-post","status-publish","format-standard","has-post-thumbnail","hentry","category-siyaset"],"_links":{"self":[{"href":"https:\/\/www.egemtv.com\/index.php?rest_route=\/wp\/v2\/posts\/14234","targetHints":{"allow":["GET"]}}],"collection":[{"href":"https:\/\/www.egemtv.com\/index.php?rest_route=\/wp\/v2\/posts"}],"about":[{"href":"https:\/\/www.egemtv.com\/index.php?rest_route=\/wp\/v2\/types\/post"}],"author":[{"embeddable":true,"href":"https:\/\/www.egemtv.com\/index.php?rest_route=\/wp\/v2\/users\/1"}],"replies":[{"embeddable":true,"href":"https:\/\/www.egemtv.com\/index.php?rest_route=%2Fwp%2Fv2%2Fcomments&post=14234"}],"version-history":[{"count":1,"href":"https:\/\/www.egemtv.com\/index.php?rest_route=\/wp\/v2\/posts\/14234\/revisions"}],"predecessor-version":[{"id":14242,"href":"https:\/\/www.egemtv.com\/index.php?rest_route=\/wp\/v2\/posts\/14234\/revisions\/14242"}],"wp:featuredmedia":[{"embeddable":true,"href":"https:\/\/www.egemtv.com\/index.php?rest_route=\/wp\/v2\/media\/14236"}],"wp:attachment":[{"href":"https:\/\/www.egemtv.com\/index.php?rest_route=%2Fwp%2Fv2%2Fmedia&parent=14234"}],"wp:term":[{"taxonomy":"category","embeddable":true,"href":"https:\/\/www.egemtv.com\/index.php?rest_route=%2Fwp%2Fv2%2Fcategories&post=14234"},{"taxonomy":"post_tag","embeddable":true,"href":"https:\/\/www.egemtv.com\/index.php?rest_route=%2Fwp%2Fv2%2Ftags&post=14234"}],"curies":[{"name":"wp","href":"https:\/\/api.w.org\/{rel}","templated":true}]}}