{"id":14228,"date":"2025-01-31T22:04:39","date_gmt":"2025-01-31T19:04:39","guid":{"rendered":"https:\/\/www.egemtv.com\/?p=14228"},"modified":"2025-01-31T22:04:44","modified_gmt":"2025-01-31T19:04:44","slug":"manisa-fk-minchevi-renklerine-bagladi","status":"publish","type":"post","link":"https:\/\/www.egemtv.com\/?p=14228","title":{"rendered":"Manisa FK Minchev\u2019i renklerine ba\u011flad\u0131"},"content":{"rendered":"<p>Manisa Futbol Kul\u00fcb\u00fc, tecr\u00fcbeli oyuncu Georgi Minchev\u2019i kadrosuna katt\u0131.<br \/>\n<br \/>Trendyol 1. Lig ekiplerinden Manisa Futbol Kul\u00fcb\u00fc, d\u0131\u015f transferde tecr\u00fcbeli golc\u00fc Georgi Minchev ile sezon sonuna kadar s\u00f6zle\u015fme imzalad\u0131. \u0130mza t\u00f6renine Sportif Direkt\u00f6r Serkan \u0130\u015fyapan kat\u0131ld\u0131. \u0130mza t\u00f6reninde konu\u015fan yeni transfer Georgi Minchev, &#8220;Manisa Futbol Kul\u00fcb\u00fc\u2019nde forma giyece\u011fim i\u00e7in heyecanl\u0131y\u0131m. Buraya ba\u015far\u0131l\u0131 olmak i\u00e7in geldim. Tak\u0131m\u0131ma ve tak\u0131m arkada\u015flar\u0131ma katk\u0131 sa\u011flamak i\u00e7in \u00e7ok \u00e7al\u0131\u015faca\u011f\u0131m&#8221; dedi.<br \/>\n<br \/>Georgi Minchev\u2019e siyah-beyaz formayla ba\u015far\u0131lar dileyen Sportif Direkt\u00f6r Serkan \u0130\u015fyapan, &#8220;Georgi Minchev, Trendyol 1. Lig\u2019de forma giyen, ligi yak\u0131ndan tan\u0131yan bir isim. Tak\u0131m\u0131m\u0131z\u0131n h\u00fccum hatt\u0131na g\u00fc\u00e7 kataca\u011f\u0131na inan\u0131yoruz. Manisa Futbol Kul\u00fcb\u00fc formas\u0131 alt\u0131nda ba\u015far\u0131l\u0131 olacakt\u0131r&#8221; diye konu\u015ftu.<br \/>\n<br \/>Manisa Futbol Kul\u00fcb\u00fc\u2019n\u00fcn yeni transferi Georgi Minchev, 20 Nisan 1995 y\u0131l\u0131nda Bulgaristan\u2019da d\u00fcnyaya geldi. Futbola Bulgaristan tak\u0131mlar\u0131ndan Litex Lovech\u2019te ba\u015flayan ve profesyonel kariyerine bu kul\u00fcpte ad\u0131m atan Minchev, \u00fclkesinde CSKA Sofia, Tsarsko Selo ve Lokomotiv Plovdiv formalar\u0131 giydi. Daha sonra Riga, FK Auda ve AEL Limassol tak\u0131mlar\u0131nda top ko\u015fturan 29 ya\u015f\u0131ndaki santrafor, 2024-2025 sezonunda Trendyol 1. Lig ekiplerinden \u00dcmraniyespor\u2019a transfer oldu. Kariyerinde 3\u2019\u00fc UEFA Avrupa Ligi Elemeleri ve 4\u2019\u00fc UEFA Konferans Ligi Elemeleri olmak \u00fczere 297 resmi ma\u00e7a \u00e7\u0131kan Minchev, 108 gol ve 20 asistlik performans sergiledi.<br \/><\/p>\n","protected":false},"excerpt":{"rendered":"<p>Manisa Futbol Kul\u00fcb\u00fc, tecr\u00fcbeli oyuncu Georgi Minchev\u2019i kadrosuna katt\u0131. Trendyol 1. Lig ekiplerinden Manisa Futbol Kul\u00fcb\u00fc, d\u0131\u015f transferde tecr\u00fcbeli golc\u00fc Georgi Minchev ile sezon sonuna kadar s\u00f6zle\u015fme imzalad\u0131. \u0130mza t\u00f6renine Sportif Direkt\u00f6r Serkan \u0130\u015fyapan kat\u0131ld\u0131. \u0130mza t\u00f6reninde konu\u015fan yeni transfer Georgi Minchev, &#8220;Manisa Futbol Kul\u00fcb\u00fc\u2019nde forma giyece\u011fim i\u00e7in heyecanl\u0131y\u0131m. Buraya ba\u015far\u0131l\u0131 olmak i\u00e7in geldim. Tak\u0131m\u0131ma&#8230;<\/p>\n","protected":false},"author":1,"featured_media":14229,"comment_status":"open","ping_status":"open","sticky":false,"template":"","format":"standard","meta":{"_crdt_document":"","footnotes":""},"categories":[4],"tags":[],"class_list":["post-14228","post","type-post","status-publish","format-standard","has-post-thumbnail","hentry","category-spor"],"_links":{"self":[{"href":"https:\/\/www.egemtv.com\/index.php?rest_route=\/wp\/v2\/posts\/14228","targetHints":{"allow":["GET"]}}],"collection":[{"href":"https:\/\/www.egemtv.com\/index.php?rest_route=\/wp\/v2\/posts"}],"about":[{"href":"https:\/\/www.egemtv.com\/index.php?rest_route=\/wp\/v2\/types\/post"}],"author":[{"embeddable":true,"href":"https:\/\/www.egemtv.com\/index.php?rest_route=\/wp\/v2\/users\/1"}],"replies":[{"embeddable":true,"href":"https:\/\/www.egemtv.com\/index.php?rest_route=%2Fwp%2Fv2%2Fcomments&post=14228"}],"version-history":[{"count":1,"href":"https:\/\/www.egemtv.com\/index.php?rest_route=\/wp\/v2\/posts\/14228\/revisions"}],"predecessor-version":[{"id":14230,"href":"https:\/\/www.egemtv.com\/index.php?rest_route=\/wp\/v2\/posts\/14228\/revisions\/14230"}],"wp:featuredmedia":[{"embeddable":true,"href":"https:\/\/www.egemtv.com\/index.php?rest_route=\/wp\/v2\/media\/14229"}],"wp:attachment":[{"href":"https:\/\/www.egemtv.com\/index.php?rest_route=%2Fwp%2Fv2%2Fmedia&parent=14228"}],"wp:term":[{"taxonomy":"category","embeddable":true,"href":"https:\/\/www.egemtv.com\/index.php?rest_route=%2Fwp%2Fv2%2Fcategories&post=14228"},{"taxonomy":"post_tag","embeddable":true,"href":"https:\/\/www.egemtv.com\/index.php?rest_route=%2Fwp%2Fv2%2Ftags&post=14228"}],"curies":[{"name":"wp","href":"https:\/\/api.w.org\/{rel}","templated":true}]}}