{"id":14225,"date":"2025-01-31T20:14:28","date_gmt":"2025-01-31T17:14:28","guid":{"rendered":"https:\/\/www.egemtv.com\/?p=14225"},"modified":"2025-01-31T20:14:32","modified_gmt":"2025-01-31T17:14:32","slug":"bakan-memisoglu-turkiye-dunyanin-en-iyi-saglik-hizmetini-sunabilen-ulkesi-haline-geldi","status":"publish","type":"post","link":"https:\/\/www.egemtv.com\/?p=14225","title":{"rendered":"Bakan Memi\u015fo\u011flu: &#8220;T\u00fcrkiye, d\u00fcnyan\u0131n en iyi sa\u011fl\u0131k hizmetini sunabilen \u00fclkesi haline geldi&#8221;"},"content":{"rendered":"<p>Sa\u011fl\u0131k Bakan\u0131 Kemal Memi\u015fo\u011flu, T\u00fcrkiye\u2019nin sa\u011fl\u0131k alan\u0131nda son 20 y\u0131lda \u00f6nemli bir geli\u015fim g\u00f6stererek d\u00fcnyan\u0131n en iyi sa\u011fl\u0131k hizmetini sunabilen \u00fclkesi haline geldi\u011fini belirterek, bu ba\u015far\u0131da sa\u011fl\u0131k altyap\u0131s\u0131n\u0131n ve insan g\u00fcc\u00fcn\u00fcn b\u00fcy\u00fck pay\u0131 oldu\u011funu vurgulad\u0131.<br \/>\n<br \/>Sa\u011fl\u0131k Bakan\u0131 Kemal Memi\u015fo\u011flu, K\u00fctahya Sa\u011fl\u0131k Bilimleri \u00dcniversitesi (KSB\u00dc) G\u00fcls\u00fcm G\u00fcral Di\u015f Hekimli\u011fi Fak\u00fcltesi ve Hastanesi\u2019nin a\u00e7\u0131l\u0131\u015f t\u00f6renine kat\u0131ld\u0131.  Konu\u015fmas\u0131nda T\u00fcrkiye\u2019nin sa\u011fl\u0131k sisteminin geldi\u011fi noktaya dikkat \u00e7eken Bakan Memi\u015fo\u011flu, &#8220;Sa\u011fl\u0131k hizmeti, altyap\u0131s\u0131 ve insan g\u00fcc\u00fc anlam\u0131nda Cumhurba\u015fkan\u0131m\u0131z\u0131n deste\u011fiyle T\u00fcrkiye, son 20 y\u0131lda d\u00fcnyan\u0131n en iyi sa\u011fl\u0131k hizmetini sunabilen \u00fclkesi haline geldi. Salg\u0131n, deprem ve afetlerde bunu a\u00e7\u0131k\u00e7a g\u00f6sterdik. Sadece kendi vatanda\u015flar\u0131m\u0131za de\u011fil, d\u00fcnya genelinde muhta\u00e7 insanlara da el uzatt\u0131k&#8221; dedi.<\/p>\n<p>&#8220;K\u00fctahya \u015eehir Hastanesi\u2019nin sorunlar\u0131n\u0131 \u00e7\u00f6zece\u011fiz&#8221;<br \/>\n<br \/>K\u00fctahya\u2019daki sa\u011fl\u0131k yat\u0131r\u0131mlar\u0131na da de\u011finen Memi\u015fo\u011flu, K\u00fctahya \u015eehir Hastanesi\u2019nin \u00f6nemli bir sa\u011fl\u0131k merkezi oldu\u011funu ancak baz\u0131 i\u015fletme sorunlar\u0131n\u0131n bulundu\u011funu s\u00f6yleyerek, &#8220;Hastanemiz ger\u00e7ekten iyi ama baz\u0131 sorunlar\u0131m\u0131z var. \u0130nsanlar\u0131m\u0131z\u0131n bir k\u0131sm\u0131 ma\u011fdur. Ancak bu sorunlar\u0131 \u00e7\u00f6zece\u011fiz, daha iyi hale getirece\u011fiz&#8221; ifadelerini kulland\u0131.<br \/>\n<br \/>T\u00fcrkiye\u2019nin sa\u011fl\u0131k alan\u0131nda ilerlemesini s\u00fcrd\u00fcrebilmesi i\u00e7in bilim \u00fcretmesi gerekti\u011fini belirten Memi\u015fo\u011flu, gen\u00e7lere seslenerek, &#8220;Bilgiyi bilim yapmak yetmez art\u0131k. \u00dcretti\u011fimiz bilgiyi teknolojiye, ekonomiye y\u00f6nlendirmeliyiz. D\u00fcnyan\u0131n en zengin iki doktoru T\u00fcrk ve bu ba\u015far\u0131y\u0131 bilim \u00fcreterek elde ettiler. E\u011fer bilim \u00fcretirsek b\u00fcy\u00fcr\u00fcz ve d\u00fcnyada s\u00f6z sahibi oluruz&#8221; diye konu\u015ftu.<br \/>\n<br \/>A\u00e7\u0131l\u0131\u015f t\u00f6renine K\u00fctahya Valisi Musa I\u015f\u0131n, Belediye Ba\u015fkan\u0131 Ey\u00fcp Kahveci, AK Parti K\u00fctahya milletvekilleri Adil Bi\u00e7er, \u0130smail \u00c7a\u011flar Bay\u0131rc\u0131 ve Mehmet Demir ile AK Parti K\u00fctahya \u0130l Ba\u015fkan\u0131 Ceyda \u00c7etin Erenler, Hava Er E\u011fitim Tugay Komutan\u0131 Tu\u011fgeneral Mustafa Ba\u015f, K\u00fctahya Dumlup\u0131nar \u00dcniversitesi Rekt\u00f6r\u00fc Prof. Dr. S\u00fcleyman K\u0131z\u0131ltoprak, K\u00fctahya Sa\u011fl\u0131k Bilimleri \u00dcniversitesi Rekt\u00f6r\u00fc Prof. Dr. Ahmet Tekin, NG K\u00fctahya Kurucu Ba\u015fkan\u0131 Nafi G\u00fcral, Nafi G\u00fcral E\u011fitim Vakf\u0131 M\u00fctevelli Heyeti Ba\u015fkan\u0131 G\u00fcls\u00fcm G\u00fcral, akademisyenler, \u00f6\u011frenciler ve davetliler kat\u0131ld\u0131.<br \/><\/p>\n","protected":false},"excerpt":{"rendered":"<p>Sa\u011fl\u0131k Bakan\u0131 Kemal Memi\u015fo\u011flu, T\u00fcrkiye\u2019nin sa\u011fl\u0131k alan\u0131nda son 20 y\u0131lda \u00f6nemli bir geli\u015fim g\u00f6stererek d\u00fcnyan\u0131n en iyi sa\u011fl\u0131k hizmetini sunabilen \u00fclkesi haline geldi\u011fini belirterek, bu ba\u015far\u0131da sa\u011fl\u0131k altyap\u0131s\u0131n\u0131n ve insan g\u00fcc\u00fcn\u00fcn b\u00fcy\u00fck pay\u0131 oldu\u011funu vurgulad\u0131. Sa\u011fl\u0131k Bakan\u0131 Kemal Memi\u015fo\u011flu, K\u00fctahya Sa\u011fl\u0131k Bilimleri \u00dcniversitesi (KSB\u00dc) G\u00fcls\u00fcm G\u00fcral Di\u015f Hekimli\u011fi Fak\u00fcltesi ve Hastanesi\u2019nin a\u00e7\u0131l\u0131\u015f t\u00f6renine kat\u0131ld\u0131. Konu\u015fmas\u0131nda&#8230;<\/p>\n","protected":false},"author":1,"featured_media":14226,"comment_status":"open","ping_status":"open","sticky":false,"template":"","format":"standard","meta":{"_crdt_document":"","footnotes":""},"categories":[127],"tags":[],"class_list":["post-14225","post","type-post","status-publish","format-standard","has-post-thumbnail","hentry","category-siyaset"],"_links":{"self":[{"href":"https:\/\/www.egemtv.com\/index.php?rest_route=\/wp\/v2\/posts\/14225","targetHints":{"allow":["GET"]}}],"collection":[{"href":"https:\/\/www.egemtv.com\/index.php?rest_route=\/wp\/v2\/posts"}],"about":[{"href":"https:\/\/www.egemtv.com\/index.php?rest_route=\/wp\/v2\/types\/post"}],"author":[{"embeddable":true,"href":"https:\/\/www.egemtv.com\/index.php?rest_route=\/wp\/v2\/users\/1"}],"replies":[{"embeddable":true,"href":"https:\/\/www.egemtv.com\/index.php?rest_route=%2Fwp%2Fv2%2Fcomments&post=14225"}],"version-history":[{"count":1,"href":"https:\/\/www.egemtv.com\/index.php?rest_route=\/wp\/v2\/posts\/14225\/revisions"}],"predecessor-version":[{"id":14227,"href":"https:\/\/www.egemtv.com\/index.php?rest_route=\/wp\/v2\/posts\/14225\/revisions\/14227"}],"wp:featuredmedia":[{"embeddable":true,"href":"https:\/\/www.egemtv.com\/index.php?rest_route=\/wp\/v2\/media\/14226"}],"wp:attachment":[{"href":"https:\/\/www.egemtv.com\/index.php?rest_route=%2Fwp%2Fv2%2Fmedia&parent=14225"}],"wp:term":[{"taxonomy":"category","embeddable":true,"href":"https:\/\/www.egemtv.com\/index.php?rest_route=%2Fwp%2Fv2%2Fcategories&post=14225"},{"taxonomy":"post_tag","embeddable":true,"href":"https:\/\/www.egemtv.com\/index.php?rest_route=%2Fwp%2Fv2%2Ftags&post=14225"}],"curies":[{"name":"wp","href":"https:\/\/api.w.org\/{rel}","templated":true}]}}