{"id":14222,"date":"2025-01-31T19:47:51","date_gmt":"2025-01-31T16:47:51","guid":{"rendered":"https:\/\/www.egemtv.com\/?p=14222"},"modified":"2025-01-31T19:47:54","modified_gmt":"2025-01-31T16:47:54","slug":"kutahya-il-milli-egitim-muduru-yilmaz-mevzuat-degisikliklerini-yakindan-takip-etmeliyiz","status":"publish","type":"post","link":"https:\/\/www.egemtv.com\/?p=14222","title":{"rendered":"K\u00fctahya \u0130l Milli E\u011fitim M\u00fcd\u00fcr\u00fc Y\u0131lmaz: &#8220;Mevzuat de\u011fi\u015fikliklerini yak\u0131ndan takip etmeliyiz&#8221;"},"content":{"rendered":"<p>K\u00fctahya \u0130l Milli E\u011fitim M\u00fcd\u00fcr\u00fc Mustafa Y\u0131lmaz, e\u011fitimde kaliteyi art\u0131rmak i\u00e7in mevzuat ve y\u00f6netmeliklere h\u00e2kim olman\u0131n \u00f6nemine dikkat \u00e7ekti. \u00d6\u011fretmenlerin mevzuat de\u011fi\u015fikliklerini yak\u0131ndan takip etmeleri gerekti\u011fini belirten Y\u0131lmaz, okul y\u00f6neticilerinin de bu konuda bilgilendirici \u00e7al\u0131\u015fmalar yapmas\u0131n\u0131n \u00f6nemine vurgu yapt\u0131.<br \/>\n<br \/>\u0130l Milli E\u011fitim M\u00fcd\u00fcr\u00fc Mustafa Y\u0131lmaz, Milli E\u011fitim m\u00fcd\u00fcr yard\u0131mc\u0131lar\u0131, \u015fube m\u00fcd\u00fcrleri ve merkez il\u00e7edeki okul ve kurum m\u00fcd\u00fcrleri ile toplant\u0131da bir araya geldi.   S\u0131n\u0131f denetimlerinin e\u011fitimde kaliteyi sa\u011flama a\u00e7\u0131s\u0131ndan kritik bir rol oynad\u0131\u011f\u0131n\u0131 ifade eden Y\u0131lmaz, \u00f6\u011fretmenlerin de\u011fi\u015fen e\u011fitim sistemine uyum sa\u011flamalar\u0131 i\u00e7in s\u0131n\u0131f i\u00e7i etkinliklerin ve \u00f6\u011fretim y\u00f6ntemlerinin titizlikle takip edilmesi gerekti\u011fini s\u00f6yledi. Y\u0131lmaz ayr\u0131ca, okullar\u0131n kendi kimliklerine ve \u00f6\u011frenci profiline uygun \u00f6zg\u00fcn \u00e7al\u0131\u015fmalar yapmas\u0131n\u0131n gereklili\u011fini dile getirdi. E\u011fitimde veli-\u00f6\u011fretmen-okul y\u00f6netimi aras\u0131ndaki s\u0131n\u0131rlar\u0131n korunmas\u0131n\u0131n \u00f6nemine i\u015faret eden Y\u0131lmaz, velilerin e\u011fitim s\u00fcrecine daha aktif \u015fekilde d\u00e2hil edilmesi gerekti\u011fini belirtti.<br \/>\n<br \/>\u00d6zellikle pansiyonlu okullarda yang\u0131n g\u00fcvenli\u011fi konusunda s\u0131k\u0131 \u00f6nlemler al\u0131nmas\u0131 gerekti\u011fini vurgulayan Y\u0131lmaz, yang\u0131n kap\u0131lar\u0131n\u0131n kilitlenmemesi, alarm sistemlerinin aktif kullan\u0131lmas\u0131 ve \u00f6\u011frencilerin odalar\u0131ndaki elektrikli cihaz kullan\u0131m\u0131n\u0131n denetlenmesi gerekti\u011fini ifade etti.<br \/><\/p>\n","protected":false},"excerpt":{"rendered":"<p>K\u00fctahya \u0130l Milli E\u011fitim M\u00fcd\u00fcr\u00fc Mustafa Y\u0131lmaz, e\u011fitimde kaliteyi art\u0131rmak i\u00e7in mevzuat ve y\u00f6netmeliklere h\u00e2kim olman\u0131n \u00f6nemine dikkat \u00e7ekti. \u00d6\u011fretmenlerin mevzuat de\u011fi\u015fikliklerini yak\u0131ndan takip etmeleri gerekti\u011fini belirten Y\u0131lmaz, okul y\u00f6neticilerinin de bu konuda bilgilendirici \u00e7al\u0131\u015fmalar yapmas\u0131n\u0131n \u00f6nemine vurgu yapt\u0131. \u0130l Milli E\u011fitim M\u00fcd\u00fcr\u00fc Mustafa Y\u0131lmaz, Milli E\u011fitim m\u00fcd\u00fcr yard\u0131mc\u0131lar\u0131, \u015fube m\u00fcd\u00fcrleri ve merkez il\u00e7edeki okul&#8230;<\/p>\n","protected":false},"author":1,"featured_media":14223,"comment_status":"open","ping_status":"open","sticky":false,"template":"","format":"standard","meta":{"_crdt_document":"","footnotes":""},"categories":[1],"tags":[],"class_list":["post-14222","post","type-post","status-publish","format-standard","has-post-thumbnail","hentry","category-guncel"],"_links":{"self":[{"href":"https:\/\/www.egemtv.com\/index.php?rest_route=\/wp\/v2\/posts\/14222","targetHints":{"allow":["GET"]}}],"collection":[{"href":"https:\/\/www.egemtv.com\/index.php?rest_route=\/wp\/v2\/posts"}],"about":[{"href":"https:\/\/www.egemtv.com\/index.php?rest_route=\/wp\/v2\/types\/post"}],"author":[{"embeddable":true,"href":"https:\/\/www.egemtv.com\/index.php?rest_route=\/wp\/v2\/users\/1"}],"replies":[{"embeddable":true,"href":"https:\/\/www.egemtv.com\/index.php?rest_route=%2Fwp%2Fv2%2Fcomments&post=14222"}],"version-history":[{"count":1,"href":"https:\/\/www.egemtv.com\/index.php?rest_route=\/wp\/v2\/posts\/14222\/revisions"}],"predecessor-version":[{"id":14224,"href":"https:\/\/www.egemtv.com\/index.php?rest_route=\/wp\/v2\/posts\/14222\/revisions\/14224"}],"wp:featuredmedia":[{"embeddable":true,"href":"https:\/\/www.egemtv.com\/index.php?rest_route=\/wp\/v2\/media\/14223"}],"wp:attachment":[{"href":"https:\/\/www.egemtv.com\/index.php?rest_route=%2Fwp%2Fv2%2Fmedia&parent=14222"}],"wp:term":[{"taxonomy":"category","embeddable":true,"href":"https:\/\/www.egemtv.com\/index.php?rest_route=%2Fwp%2Fv2%2Fcategories&post=14222"},{"taxonomy":"post_tag","embeddable":true,"href":"https:\/\/www.egemtv.com\/index.php?rest_route=%2Fwp%2Fv2%2Ftags&post=14222"}],"curies":[{"name":"wp","href":"https:\/\/api.w.org\/{rel}","templated":true}]}}