{"id":14219,"date":"2025-01-31T19:43:57","date_gmt":"2025-01-31T16:43:57","guid":{"rendered":"https:\/\/www.egemtv.com\/?p=14219"},"modified":"2025-01-31T19:44:00","modified_gmt":"2025-01-31T16:44:00","slug":"saglik-bakani-memisoglundan-ak-parti-kutahya-il-baskanligina-ziyaret","status":"publish","type":"post","link":"https:\/\/www.egemtv.com\/?p=14219","title":{"rendered":"Sa\u011fl\u0131k Bakan\u0131 Memi\u015fo\u011flu\u2019ndan AK Parti K\u00fctahya \u0130l Ba\u015fkanl\u0131\u011f\u0131\u2019na ziyaret"},"content":{"rendered":"<p>Sa\u011fl\u0131k Bakan\u0131 Kemal Memi\u015fo\u011flu, AK Parti K\u00fctahya \u0130l Ba\u015fkanl\u0131\u011f\u0131\u2019n\u0131 ziyaret etti. Parti binas\u0131nda \u0130l Ba\u015fkan\u0131 Ceyda \u00c7etin Erenler ve te\u015fkilat mensuplar\u0131 taraf\u0131ndan kar\u015f\u0131lanan Bakan Memi\u015fo\u011flu, burada bilgi al\u0131\u015fveri\u015finde bulundu.<br \/>\n<br \/>Sa\u011fl\u0131k Bakan\u0131 Kemal Memi\u015fo\u011flu, AK Parti K\u00fctahya \u0130l Ba\u015fkanl\u0131\u011f\u0131\u2019n\u0131 ziyaret etti. 11 Ocak\u2019ta ger\u00e7ekle\u015ftirilen 8. Ola\u011fan Genel Kurul sonras\u0131 AK Parti K\u00fctahya \u0130l Ba\u015fkanl\u0131\u011f\u0131\u2019na se\u00e7ilen Ceyda \u00c7etin Erenler\u2019i tebrik eden Memi\u015fo\u011flu, Erenler ve AK Parti K\u00fctahya milletvekilleri Adil Bi\u00e7er, \u0130smail \u00c7a\u011flar Bay\u0131rc\u0131 ve Mehmet Demir ile bir araya gelerek, kentteki sa\u011fl\u0131k yat\u0131r\u0131mlar\u0131yla alakal\u0131 de\u011ferlendirmede bulundu. \u0130l Ba\u015fkan\u0131 Erenler, Bakan Memi\u015fo\u011flu\u2019na bir hediye takdim etti. Memi\u015fo\u011flu, daha sonra parti toplant\u0131 salonunda te\u015fkilat mensuplar\u0131yla bir araya gelerek, onlara hitap etti.<br \/><\/p>\n","protected":false},"excerpt":{"rendered":"<p>Sa\u011fl\u0131k Bakan\u0131 Kemal Memi\u015fo\u011flu, AK Parti K\u00fctahya \u0130l Ba\u015fkanl\u0131\u011f\u0131\u2019n\u0131 ziyaret etti. Parti binas\u0131nda \u0130l Ba\u015fkan\u0131 Ceyda \u00c7etin Erenler ve te\u015fkilat mensuplar\u0131 taraf\u0131ndan kar\u015f\u0131lanan Bakan Memi\u015fo\u011flu, burada bilgi al\u0131\u015fveri\u015finde bulundu. Sa\u011fl\u0131k Bakan\u0131 Kemal Memi\u015fo\u011flu, AK Parti K\u00fctahya \u0130l Ba\u015fkanl\u0131\u011f\u0131\u2019n\u0131 ziyaret etti. 11 Ocak\u2019ta ger\u00e7ekle\u015ftirilen 8. Ola\u011fan Genel Kurul sonras\u0131 AK Parti K\u00fctahya \u0130l Ba\u015fkanl\u0131\u011f\u0131\u2019na se\u00e7ilen Ceyda&#8230;<\/p>\n","protected":false},"author":1,"featured_media":14220,"comment_status":"open","ping_status":"open","sticky":false,"template":"","format":"standard","meta":{"_crdt_document":"","footnotes":""},"categories":[127],"tags":[],"class_list":["post-14219","post","type-post","status-publish","format-standard","has-post-thumbnail","hentry","category-siyaset"],"_links":{"self":[{"href":"https:\/\/www.egemtv.com\/index.php?rest_route=\/wp\/v2\/posts\/14219","targetHints":{"allow":["GET"]}}],"collection":[{"href":"https:\/\/www.egemtv.com\/index.php?rest_route=\/wp\/v2\/posts"}],"about":[{"href":"https:\/\/www.egemtv.com\/index.php?rest_route=\/wp\/v2\/types\/post"}],"author":[{"embeddable":true,"href":"https:\/\/www.egemtv.com\/index.php?rest_route=\/wp\/v2\/users\/1"}],"replies":[{"embeddable":true,"href":"https:\/\/www.egemtv.com\/index.php?rest_route=%2Fwp%2Fv2%2Fcomments&post=14219"}],"version-history":[{"count":1,"href":"https:\/\/www.egemtv.com\/index.php?rest_route=\/wp\/v2\/posts\/14219\/revisions"}],"predecessor-version":[{"id":14221,"href":"https:\/\/www.egemtv.com\/index.php?rest_route=\/wp\/v2\/posts\/14219\/revisions\/14221"}],"wp:featuredmedia":[{"embeddable":true,"href":"https:\/\/www.egemtv.com\/index.php?rest_route=\/wp\/v2\/media\/14220"}],"wp:attachment":[{"href":"https:\/\/www.egemtv.com\/index.php?rest_route=%2Fwp%2Fv2%2Fmedia&parent=14219"}],"wp:term":[{"taxonomy":"category","embeddable":true,"href":"https:\/\/www.egemtv.com\/index.php?rest_route=%2Fwp%2Fv2%2Fcategories&post=14219"},{"taxonomy":"post_tag","embeddable":true,"href":"https:\/\/www.egemtv.com\/index.php?rest_route=%2Fwp%2Fv2%2Ftags&post=14219"}],"curies":[{"name":"wp","href":"https:\/\/api.w.org\/{rel}","templated":true}]}}