{"id":14216,"date":"2025-01-31T19:08:17","date_gmt":"2025-01-31T16:08:17","guid":{"rendered":"https:\/\/www.egemtv.com\/?p=14216"},"modified":"2025-01-31T19:08:22","modified_gmt":"2025-01-31T16:08:22","slug":"didimdeki-sitede-yikim-islemi-basladi","status":"publish","type":"post","link":"https:\/\/www.egemtv.com\/?p=14216","title":{"rendered":"Didim\u2019deki sitede y\u0131k\u0131m i\u015flemi ba\u015flad\u0131"},"content":{"rendered":"<p>Ayd\u0131n\u2019\u0131n Didim il\u00e7esinde, teknik hata sebebiyle in\u015faat\u0131n bir k\u0131sm\u0131 ba\u015fka arazi \u00fczerine yap\u0131lan ve kayma olan 8 blok 32 ba\u011f\u0131ms\u0131z b\u00f6l\u00fcmden olu\u015fan sitenin y\u0131k\u0131m\u0131na ba\u015flad\u0131.<br \/>\n<br \/>Didim Belediyesi il\u00e7e genelinde ka\u00e7ak ve imalata ayk\u0131r\u0131 yerlerin y\u0131k\u0131m\u0131n\u0131 s\u00fcrd\u00fcr\u00fcyor. Hisar Mahallesi 1043 ada 4 parsel \u00fczerinde \u00f6zel bir firman\u0131n s\u00fcrd\u00fcrd\u00fc\u011f\u00fc in\u015faatta y\u0131k\u0131m \u00e7al\u0131\u015fmas\u0131 ger\u00e7ekle\u015ftirdi. Teknik hata sebebiyle bir k\u0131sm\u0131 ba\u015fka arazi \u00fczerine yap\u0131lan ve kayma olan 8 blok 32 ba\u011f\u0131ms\u0131z b\u00f6l\u00fcmden olu\u015fan sitenin y\u0131k\u0131m i\u015flemini Belediye Ba\u015fkan\u0131 Hatice Gen\u00e7ay, Ba\u015fkan yard\u0131mc\u0131lar\u0131 Aydan A\u015f\u0131k Turgut ve Kaan Top\u00e7uo\u011fullar\u0131, in\u015faat firmas\u0131 sahibi Hasan G\u00fcnay ve teknik personel kat\u0131ld\u0131.<br \/>\n<br \/>&#8220;Kimseyi ma\u011fdur etmeyece\u011fiz&#8221;<br \/>\n<br \/>Y\u0131k\u0131mla ilgili a\u00e7\u0131klamalarda bulunan in\u015faat firmas\u0131 sahibi Hasan G\u00fcnay &#8221; Binam\u0131z\u0131n y\u0131k\u0131m sebebi teknik konudan olu\u015ftu. \u0130lgili teknik birim arkada\u015flar\u0131m\u0131z yapm\u0131\u015f olduklar\u0131 kayd\u0131rma hatas\u0131yla bir tarafa iki bu\u00e7uk metre, bir tarafa be\u015f metre bir kayma olu\u015fturmu\u015ftur. Biz bunu belediyemizin kurumumuzun tespitiyle fark\u0131na vard\u0131k. Bu sebeple biz g\u00f6r\u00fc\u015flerimizi belediyemizle payla\u015farak y\u0131k\u0131m karar\u0131n\u0131n en do\u011fru olaca\u011f\u0131 kanaatine vard\u0131k. Bu y\u00fczden y\u0131k\u0131m\u0131 ger\u00e7ekle\u015ftiriyoruz. Bu masraflar\u0131m\u0131z\u0131n kar\u015f\u0131l\u0131\u011f\u0131 hukuk kar\u015f\u0131s\u0131nda kar\u015f\u0131l\u0131\u011f\u0131 olacak. Gereken bilgileri avukatlar\u0131m\u0131za verdik. \u015eu an \u00e7al\u0131\u015fmalar devam ediyor&#8221;<br \/>\n<br \/>Ba\u015fkan Gen\u00e7ay, &#8220;Kaos olmadan y\u0131k\u0131mlar ger\u00e7ekle\u015ftirilecek&#8221;<br \/>\n<br \/>Didim Belediye Ba\u015fkan\u0131 Hatice Gen\u00e7ay ise y\u0131k\u0131mla gerginlik olmadan bu \u00e7al\u0131\u015fmay\u0131 yapt\u0131klar\u0131n\u0131 belirterek &#8221; Ben \u00f6ncelikle firma sahibine Hasan Bey\u2019lere \u00e7ok te\u015fekk\u00fcr ediyorum. Arkada\u015flar\u0131m\u0131z\u0131n tespiti sonucunda teknik konulardan dolay\u0131 b\u00f6yle bir y\u0131k\u0131m\u0131n ger\u00e7ekle\u015fmesi gerekti\u011fini ifade ettik \u00e7\u00fcnk\u00fc yola kayma vard\u0131. Konuyla ilgili zaten firmam\u0131z \u00e7ok hassas. Az \u00f6nce kendileri de ifade etti. Yine yak\u0131n in\u015faat yapm\u0131\u015flar. Onlar\u0131n i\u015f ahlak\u0131ndan dolay\u0131 ben kendilerine \u00e7ok te\u015fekk\u00fcr ediyorum. \u0130n\u015faattan satt\u0131klar\u0131 yerler de varm\u0131\u015f. Bu konuyla ilgili de sat\u0131n alanlar\u0131 da ma\u011fdur etmeyeceklerini kendileri de ifade ettiler. Biz de teknik olarak b\u00fct\u00fcn inceleme incelemeleri yapt\u0131ktan sonra y\u0131k\u0131lmas\u0131 gerekti\u011fiyle ilgili enc\u00fcmen karar\u0131m\u0131z\u0131 ald\u0131k. Bunu da do\u011fru bir \u015fekilde anlatt\u0131k. Herkes do\u011fru bir \u015fekilde de anlad\u0131. \u00c7\u00fcnk\u00fc kaos ortam\u0131ndan beslensin istemiyoruz. \u0130n\u015faatlar\u0131m\u0131z\u0131n sa\u011fl\u0131kl\u0131, hukuka uygun ve y\u00f6netmeliklere uygun yap\u0131lmas\u0131n\u0131 istiyoruz. Bu konuyla ilgili herkes en az Hasan Beyler kadar hassas olaca\u011f\u0131ndan eminim. \u015eu anda 8 blok 32 tane ba\u011f\u0131ms\u0131z b\u00f6l\u00fcm y\u0131k\u0131l\u0131yor. Baya\u011f\u0131 ciddi bir konuda y\u0131k\u0131m ger\u00e7ekle\u015ftiriliyor. Tabii ki hi\u00e7bir ses de daha \u00e7\u0131kmayacak. \u00c7\u00fcnk\u00fc biz kanunu uygun bir \u015fekilde i\u015flemleri yap\u0131yoruz. Tabii ki hukuki s\u00fcre\u00e7lerini kimler bu i\u015flerden sorumluysa kendileri y\u00fcr\u00fctecekler. Y\u00f6netmeli\u011fe ve hukuka uygun olmayan t\u00fcm in\u015faatlarda bu \u015fekilde y\u0131k\u0131m ger\u00e7ekle\u015ftirece\u011fiz. O nedenle bizim dairemizle g\u00f6r\u00fc\u015ferek b\u00fct\u00fcn kurallara uyarak in\u015faatlar\u0131n\u0131 yapmalar\u0131n\u0131 tavsiye ediyoruz. B\u00fct\u00fcn in\u015faat m\u00fcteahhitlerinin \u00e7ok hassas olaca\u011f\u0131na inan\u0131yorum. Bu konuda biz tavr\u0131m\u0131z\u0131 g\u00f6sterdik&#8221; dedi.<br \/>\n<br \/>Didim Belediyesi teknik personelinin kontrol\u00fcnde iki i\u015f makinesiyle y\u0131k\u0131mlar yap\u0131l\u0131rken, \u00e7\u0131kan molozun firma taraf\u0131ndan kald\u0131r\u0131laca\u011f\u0131 \u00f6\u011frenilirken, y\u0131k\u0131m\u0131n birka\u00e7 g\u00fcnde bitirilece\u011fi \u00f6\u011frenildi.<br \/><\/p>\n","protected":false},"excerpt":{"rendered":"<p>Ayd\u0131n\u2019\u0131n Didim il\u00e7esinde, teknik hata sebebiyle in\u015faat\u0131n bir k\u0131sm\u0131 ba\u015fka arazi \u00fczerine yap\u0131lan ve kayma olan 8 blok 32 ba\u011f\u0131ms\u0131z b\u00f6l\u00fcmden olu\u015fan sitenin y\u0131k\u0131m\u0131na ba\u015flad\u0131. Didim Belediyesi il\u00e7e genelinde ka\u00e7ak ve imalata ayk\u0131r\u0131 yerlerin y\u0131k\u0131m\u0131n\u0131 s\u00fcrd\u00fcr\u00fcyor. Hisar Mahallesi 1043 ada 4 parsel \u00fczerinde \u00f6zel bir firman\u0131n s\u00fcrd\u00fcrd\u00fc\u011f\u00fc in\u015faatta y\u0131k\u0131m \u00e7al\u0131\u015fmas\u0131 ger\u00e7ekle\u015ftirdi. Teknik hata sebebiyle bir&#8230;<\/p>\n","protected":false},"author":1,"featured_media":14217,"comment_status":"open","ping_status":"open","sticky":false,"template":"","format":"standard","meta":{"_crdt_document":"","footnotes":""},"categories":[1],"tags":[],"class_list":["post-14216","post","type-post","status-publish","format-standard","has-post-thumbnail","hentry","category-guncel"],"_links":{"self":[{"href":"https:\/\/www.egemtv.com\/index.php?rest_route=\/wp\/v2\/posts\/14216","targetHints":{"allow":["GET"]}}],"collection":[{"href":"https:\/\/www.egemtv.com\/index.php?rest_route=\/wp\/v2\/posts"}],"about":[{"href":"https:\/\/www.egemtv.com\/index.php?rest_route=\/wp\/v2\/types\/post"}],"author":[{"embeddable":true,"href":"https:\/\/www.egemtv.com\/index.php?rest_route=\/wp\/v2\/users\/1"}],"replies":[{"embeddable":true,"href":"https:\/\/www.egemtv.com\/index.php?rest_route=%2Fwp%2Fv2%2Fcomments&post=14216"}],"version-history":[{"count":1,"href":"https:\/\/www.egemtv.com\/index.php?rest_route=\/wp\/v2\/posts\/14216\/revisions"}],"predecessor-version":[{"id":14218,"href":"https:\/\/www.egemtv.com\/index.php?rest_route=\/wp\/v2\/posts\/14216\/revisions\/14218"}],"wp:featuredmedia":[{"embeddable":true,"href":"https:\/\/www.egemtv.com\/index.php?rest_route=\/wp\/v2\/media\/14217"}],"wp:attachment":[{"href":"https:\/\/www.egemtv.com\/index.php?rest_route=%2Fwp%2Fv2%2Fmedia&parent=14216"}],"wp:term":[{"taxonomy":"category","embeddable":true,"href":"https:\/\/www.egemtv.com\/index.php?rest_route=%2Fwp%2Fv2%2Fcategories&post=14216"},{"taxonomy":"post_tag","embeddable":true,"href":"https:\/\/www.egemtv.com\/index.php?rest_route=%2Fwp%2Fv2%2Ftags&post=14216"}],"curies":[{"name":"wp","href":"https:\/\/api.w.org\/{rel}","templated":true}]}}