{"id":14213,"date":"2025-01-31T19:04:05","date_gmt":"2025-01-31T16:04:05","guid":{"rendered":"https:\/\/www.egemtv.com\/?p=14213"},"modified":"2025-01-31T19:04:09","modified_gmt":"2025-01-31T16:04:09","slug":"buyuksehirin-cicekleri-sokeyi-renklendirdi","status":"publish","type":"post","link":"https:\/\/www.egemtv.com\/?p=14213","title":{"rendered":"B\u00fcy\u00fck\u015fehir\u2019in \u00e7i\u00e7ekleri S\u00f6ke\u2019yi renklendirdi"},"content":{"rendered":"<p>Ayd\u0131n B\u00fcy\u00fck\u015fehir Belediyesi, S\u00f6ke\u2019de kapsamal\u0131 temizlik \u00e7al\u0131\u015fmas\u0131 ger\u00e7ekle\u015ftirirken, B\u00fcy\u00fck\u015fehir\u2019in yeti\u015ftirdi\u011fi mevsimlik \u00e7i\u00e7ekler de sokaklar\u0131 renklendirdi.<\/p>\n<p>Ayd\u0131n B\u00fcy\u00fck\u015fehir Belediyesi Park ve Bah\u00e7eler Dairesi Ba\u015fkanl\u0131\u011f\u0131, \u00c7evre Koruma ve Kontrol Dairesi Ba\u015fkanl\u0131\u011f\u0131 ile Ula\u015f\u0131m Dairesi Ba\u015fkanl\u0131\u011f\u0131 ekipleri, il\u00e7ede kapsaml\u0131 \u00e7al\u0131\u015fma ger\u00e7ekle\u015ftirdi. S\u00f6ke\u2019nin d\u00f6rt bir yan\u0131nda ger\u00e7ekle\u015ftirilen \u00e7al\u0131\u015fmalar vatanda\u015flardan da tam not ald\u0131. Park ve Bah\u00e7eler Dairesi Ba\u015fkanl\u0131\u011f\u0131 ekipleri de B\u00fcy\u00fck\u015fehir Belediyesi\u2019nin fidanl\u0131klar\u0131nda yeti\u015ftirilen mevsimlik \u00e7i\u00e7eklerle S\u00f6ke\u2019nin sokaklar\u0131n\u0131 renklendirdi. Kav\u015faklar, ref\u00fcjler ve parklar \u00f6zenle d\u00fczenlenerek peyzaj \u00e7al\u0131\u015fmalar\u0131 tamamland\u0131. \u015eehir esteti\u011fine katk\u0131 sunan \u00e7al\u0131\u015fmalar\u0131n yan\u0131 s\u0131ra budama, \u00e7im bi\u00e7me ve genel bak\u0131m faaliyetleri de ger\u00e7ekle\u015ftirildi.<\/p>\n<p>Ula\u015f\u0131m Dairesi Ba\u015fkanl\u0131\u011f\u0131 ekipleri de yaya ve ara\u00e7 g\u00fcvenli\u011fini \u00f6n planda tutarak \u00e7al\u0131\u015fmalar\u0131n\u0131 s\u00fcrd\u00fcrd\u00fc. Trafik levhalar\u0131n\u0131n yenilenmesi, sinyalizasyon sistemlerinin bak\u0131m\u0131 ve yaya ge\u00e7itlerinin boyanmas\u0131 gibi \u00e7al\u0131\u015fmalar s\u00fcr\u00fcc\u00fclerden tam not ald\u0131. Ayr\u0131ca, otob\u00fcs duraklar\u0131 da bak\u0131m \u00e7al\u0131\u015fmalar\u0131 ile daha konforlu hale getirildi.<\/p>\n<p>&#8220;S\u00f6ke\u2019de de hizmetlerimiz h\u0131z kesmeden s\u00fcrecek&#8221;<br \/>\n<br \/>Ayd\u0131n\u2019\u0131n her noktas\u0131nda \u00e7al\u0131\u015fmalar\u0131n\u0131 s\u00fcrd\u00fcreceklerini belirten Ayd\u0131n B\u00fcy\u00fck\u015fehir Belediye Ba\u015fkan\u0131 \u00d6zlem \u00c7er\u00e7io\u011flu, &#8220;Kentimizin her il\u00e7esinde oldu\u011fu gibi S\u00f6ke\u2019de de hizmetlerimize devam ediyoruz. Vatanda\u015flar\u0131m\u0131z\u0131n daha ya\u015fanabilir bir \u00e7evrede olmalar\u0131 i\u00e7in ekiplerimiz sahada \u00e7al\u0131\u015fmalar\u0131n\u0131 s\u00fcrd\u00fcr\u00fcyor. S\u00f6ke\u2019de de hizmetlerimiz h\u0131z kesmeden s\u00fcrecek&#8221; dedi.<\/p>\n<p>\u0130l\u00e7ede ger\u00e7ekle\u015ftirilen \u00e7al\u0131\u015fmalardan duyduklar\u0131 memnuniyeti dile getiren S\u00f6keliler, hizmetlerinden dolay\u0131 Ayd\u0131n B\u00fcy\u00fck\u015fehir Belediye Ba\u015fkan\u0131 \u00d6zlem \u00c7er\u00e7io\u011flu\u2019na te\u015fekk\u00fcr etti.<br \/><\/p>\n","protected":false},"excerpt":{"rendered":"<p>Ayd\u0131n B\u00fcy\u00fck\u015fehir Belediyesi, S\u00f6ke\u2019de kapsamal\u0131 temizlik \u00e7al\u0131\u015fmas\u0131 ger\u00e7ekle\u015ftirirken, B\u00fcy\u00fck\u015fehir\u2019in yeti\u015ftirdi\u011fi mevsimlik \u00e7i\u00e7ekler de sokaklar\u0131 renklendirdi. Ayd\u0131n B\u00fcy\u00fck\u015fehir Belediyesi Park ve Bah\u00e7eler Dairesi Ba\u015fkanl\u0131\u011f\u0131, \u00c7evre Koruma ve Kontrol Dairesi Ba\u015fkanl\u0131\u011f\u0131 ile Ula\u015f\u0131m Dairesi Ba\u015fkanl\u0131\u011f\u0131 ekipleri, il\u00e7ede kapsaml\u0131 \u00e7al\u0131\u015fma ger\u00e7ekle\u015ftirdi. S\u00f6ke\u2019nin d\u00f6rt bir yan\u0131nda ger\u00e7ekle\u015ftirilen \u00e7al\u0131\u015fmalar vatanda\u015flardan da tam not ald\u0131. Park ve Bah\u00e7eler Dairesi Ba\u015fkanl\u0131\u011f\u0131 ekipleri&#8230;<\/p>\n","protected":false},"author":1,"featured_media":14214,"comment_status":"open","ping_status":"open","sticky":false,"template":"","format":"standard","meta":{"_crdt_document":"","footnotes":""},"categories":[1],"tags":[],"class_list":["post-14213","post","type-post","status-publish","format-standard","has-post-thumbnail","hentry","category-guncel"],"_links":{"self":[{"href":"https:\/\/www.egemtv.com\/index.php?rest_route=\/wp\/v2\/posts\/14213","targetHints":{"allow":["GET"]}}],"collection":[{"href":"https:\/\/www.egemtv.com\/index.php?rest_route=\/wp\/v2\/posts"}],"about":[{"href":"https:\/\/www.egemtv.com\/index.php?rest_route=\/wp\/v2\/types\/post"}],"author":[{"embeddable":true,"href":"https:\/\/www.egemtv.com\/index.php?rest_route=\/wp\/v2\/users\/1"}],"replies":[{"embeddable":true,"href":"https:\/\/www.egemtv.com\/index.php?rest_route=%2Fwp%2Fv2%2Fcomments&post=14213"}],"version-history":[{"count":1,"href":"https:\/\/www.egemtv.com\/index.php?rest_route=\/wp\/v2\/posts\/14213\/revisions"}],"predecessor-version":[{"id":14215,"href":"https:\/\/www.egemtv.com\/index.php?rest_route=\/wp\/v2\/posts\/14213\/revisions\/14215"}],"wp:featuredmedia":[{"embeddable":true,"href":"https:\/\/www.egemtv.com\/index.php?rest_route=\/wp\/v2\/media\/14214"}],"wp:attachment":[{"href":"https:\/\/www.egemtv.com\/index.php?rest_route=%2Fwp%2Fv2%2Fmedia&parent=14213"}],"wp:term":[{"taxonomy":"category","embeddable":true,"href":"https:\/\/www.egemtv.com\/index.php?rest_route=%2Fwp%2Fv2%2Fcategories&post=14213"},{"taxonomy":"post_tag","embeddable":true,"href":"https:\/\/www.egemtv.com\/index.php?rest_route=%2Fwp%2Fv2%2Ftags&post=14213"}],"curies":[{"name":"wp","href":"https:\/\/api.w.org\/{rel}","templated":true}]}}