{"id":14210,"date":"2025-01-31T19:04:00","date_gmt":"2025-01-31T16:04:00","guid":{"rendered":"https:\/\/www.egemtv.com\/?p=14210"},"modified":"2025-01-31T19:04:05","modified_gmt":"2025-01-31T16:04:05","slug":"baskan-ozel-su-bayileri-ile-bulustu","status":"publish","type":"post","link":"https:\/\/www.egemtv.com\/?p=14210","title":{"rendered":"Ba\u015fkan \u00d6zel, su bayileri ile bulu\u015ftu"},"content":{"rendered":"<p>Bozdo\u011fan Belediye Ba\u015fkan\u0131 Mustafa Galip \u00d6zel, il\u00e7enin \u00f6nemli markalar\u0131ndan Madran Memba Sular\u0131n\u0131n bayileriyle bir araya geldi.<br \/>\n<br \/>Gen\u00e7lik Park\u0131\u2019nda d\u00fczenlenen toplant\u0131da bayilerin talepleri, sekt\u00f6rde kar\u015f\u0131la\u015ft\u0131klar\u0131 sorunlar ve \u00e7\u00f6z\u00fcm \u00f6nerileri ele al\u0131nd\u0131.<br \/>\n<br \/>Ba\u015fkan \u00d6zel, Madran Suyunun hem b\u00f6lgesel hem de ulusal \u00f6l\u00e7ekte marka de\u011ferini art\u0131rmaya y\u00f6nelik \u00e7al\u0131\u015fmalar\u0131n s\u00fcrece\u011fini belirterek bayi destek mekanizmalar\u0131n\u0131n g\u00fc\u00e7lendirilece\u011fini ifade etti. Bayilerle yap\u0131lan d\u00fczenli toplant\u0131lar\u0131n, hizmet kalitesini art\u0131rmada kritik rol oynad\u0131\u011f\u0131n\u0131 vurgulayan \u00d6zel, Madran Suyunun Bozdo\u011fan i\u00e7in ta\u015f\u0131d\u0131\u011f\u0131 \u00f6neme dikkat \u00e7ekti.<br \/>\n<br \/>\u00d6zellikle sahte Madran Su etiketi basarak vatanda\u015flar\u0131 yan\u0131ltanlara kar\u015f\u0131 hukuki s\u00fcrecin ba\u015flat\u0131laca\u011f\u0131n\u0131 duyuran Ba\u015fkan \u00d6zel, \u015fu ifadeleri kulland\u0131: &#8220;Ger\u00e7ek Madran Su, Bozdo\u011fan Belediyesi Madran Do\u011fal Kaynak Suyu\u2019dur. Sahte etiketlerle halk\u0131m\u0131z\u0131 yan\u0131ltmaya \u00e7al\u0131\u015fanlara kar\u015f\u0131 hukuki s\u00fcre\u00e7leri ba\u015flataca\u011f\u0131z ve bu konuda taviz vermeyece\u011fiz&#8221;<br \/>\n<br \/>Toplant\u0131ya kat\u0131lan bayiler, belediyenin g\u00f6sterdi\u011fi duyarl\u0131l\u0131ktan ve ileti\u015fim kanallar\u0131n\u0131n a\u00e7\u0131k tutulmas\u0131ndan memnuniyet duyduklar\u0131n\u0131 belirtti. Yetkili bayilerle s\u00fcrd\u00fcr\u00fclen i\u015f birli\u011finin, Madran Su\u2019nun hizmet kalitesini daha da y\u00fckseltece\u011fi ifade edildi.<br \/>\n<br \/>Bozdo\u011fan Belediyesi, do\u011fan\u0131n sundu\u011fu bu e\u015fsiz kayna\u011f\u0131 en kaliteli ve g\u00fcvenilir \u015fekilde t\u00fcketicilere ula\u015ft\u0131rmak i\u00e7in \u00e7al\u0131\u015fmalar\u0131na kararl\u0131l\u0131kla devam ediyor.<br \/><\/p>\n","protected":false},"excerpt":{"rendered":"<p>Bozdo\u011fan Belediye Ba\u015fkan\u0131 Mustafa Galip \u00d6zel, il\u00e7enin \u00f6nemli markalar\u0131ndan Madran Memba Sular\u0131n\u0131n bayileriyle bir araya geldi. Gen\u00e7lik Park\u0131\u2019nda d\u00fczenlenen toplant\u0131da bayilerin talepleri, sekt\u00f6rde kar\u015f\u0131la\u015ft\u0131klar\u0131 sorunlar ve \u00e7\u00f6z\u00fcm \u00f6nerileri ele al\u0131nd\u0131. Ba\u015fkan \u00d6zel, Madran Suyunun hem b\u00f6lgesel hem de ulusal \u00f6l\u00e7ekte marka de\u011ferini art\u0131rmaya y\u00f6nelik \u00e7al\u0131\u015fmalar\u0131n s\u00fcrece\u011fini belirterek bayi destek mekanizmalar\u0131n\u0131n g\u00fc\u00e7lendirilece\u011fini ifade etti. Bayilerle yap\u0131lan&#8230;<\/p>\n","protected":false},"author":1,"featured_media":14211,"comment_status":"open","ping_status":"open","sticky":false,"template":"","format":"standard","meta":{"_crdt_document":"","footnotes":""},"categories":[1],"tags":[],"class_list":["post-14210","post","type-post","status-publish","format-standard","has-post-thumbnail","hentry","category-guncel"],"_links":{"self":[{"href":"https:\/\/www.egemtv.com\/index.php?rest_route=\/wp\/v2\/posts\/14210","targetHints":{"allow":["GET"]}}],"collection":[{"href":"https:\/\/www.egemtv.com\/index.php?rest_route=\/wp\/v2\/posts"}],"about":[{"href":"https:\/\/www.egemtv.com\/index.php?rest_route=\/wp\/v2\/types\/post"}],"author":[{"embeddable":true,"href":"https:\/\/www.egemtv.com\/index.php?rest_route=\/wp\/v2\/users\/1"}],"replies":[{"embeddable":true,"href":"https:\/\/www.egemtv.com\/index.php?rest_route=%2Fwp%2Fv2%2Fcomments&post=14210"}],"version-history":[{"count":1,"href":"https:\/\/www.egemtv.com\/index.php?rest_route=\/wp\/v2\/posts\/14210\/revisions"}],"predecessor-version":[{"id":14212,"href":"https:\/\/www.egemtv.com\/index.php?rest_route=\/wp\/v2\/posts\/14210\/revisions\/14212"}],"wp:featuredmedia":[{"embeddable":true,"href":"https:\/\/www.egemtv.com\/index.php?rest_route=\/wp\/v2\/media\/14211"}],"wp:attachment":[{"href":"https:\/\/www.egemtv.com\/index.php?rest_route=%2Fwp%2Fv2%2Fmedia&parent=14210"}],"wp:term":[{"taxonomy":"category","embeddable":true,"href":"https:\/\/www.egemtv.com\/index.php?rest_route=%2Fwp%2Fv2%2Fcategories&post=14210"},{"taxonomy":"post_tag","embeddable":true,"href":"https:\/\/www.egemtv.com\/index.php?rest_route=%2Fwp%2Fv2%2Ftags&post=14210"}],"curies":[{"name":"wp","href":"https:\/\/api.w.org\/{rel}","templated":true}]}}