{"id":14204,"date":"2025-01-31T19:03:51","date_gmt":"2025-01-31T16:03:51","guid":{"rendered":"https:\/\/www.egemtv.com\/?p=14204"},"modified":"2025-01-31T19:03:55","modified_gmt":"2025-01-31T16:03:55","slug":"kutoda-yilin-ilk-meclis-toplantisinin-konugu-baskan-gunel-oldu","status":"publish","type":"post","link":"https:\/\/www.egemtv.com\/?p=14204","title":{"rendered":"KUTO\u2019da y\u0131l\u0131n ilk meclis toplant\u0131s\u0131n\u0131n konu\u011fu Ba\u015fkan G\u00fcnel oldu"},"content":{"rendered":"<p>Ku\u015fadas\u0131 Ticaret Odas\u0131\u2019nda, 2025 y\u0131l\u0131n\u0131n ilk Meclis toplant\u0131s\u0131 yap\u0131ld\u0131. Meclis Ba\u015fkan\u0131 B\u00fclent \u0130lbahar ba\u015fkanl\u0131\u011f\u0131nda ger\u00e7ekle\u015fen ve Y\u00f6netim Kurulu Ba\u015fkan\u0131 Serdar Akdo\u011fan\u2019\u0131n Y\u00f6netim Kurulu faaliyetleri hakk\u0131nda bilgi vermesiyle devam eden Ocak ay\u0131 Ola\u011fan Meclis toplant\u0131s\u0131na, Ku\u015fadas\u0131 Belediye Ba\u015fkan\u0131 \u00d6mer G\u00fcnel konuk oldu.<br \/>\n<br \/>Toplant\u0131da, Ku\u015fadas\u0131\u2019nda devam eden ve hayata ge\u00e7en projelerle ilgili bilgi vererek, detaylar\u0131 anlatan G\u00fcnel, Ku\u015fadas\u0131 Ticaret Odas\u0131 Meclis \u00dcyelerinin sorular\u0131n\u0131 cevaplad\u0131. Ayn\u0131 zamanda sezon \u00f6ncesi kar\u015f\u0131l\u0131kl\u0131 g\u00f6r\u00fc\u015f al\u0131\u015fveri\u015finde bulunuldu.<br \/>\n<br \/>G\u00fcndem maddeleriyle devam eden Ocak ay\u0131 Meclis Toplant\u0131s\u0131\u2019na ayr\u0131ca bir bankan\u0131n Ayd\u0131n B\u00f6lge M\u00fcd\u00fcr\u00fc Ali Karam\u0131k ve Ku\u015fadas\u0131 \u015eube m\u00fcd\u00fcrleri de kat\u0131larak, bankan\u0131n turizm sezonu \u00f6ncesi esnaf\u0131 rahatlatacak kredi \u00e7al\u0131\u015fmalar\u0131 hakk\u0131nda bilgi verdiler.<br \/>\n<br \/>Meclis toplant\u0131s\u0131nda ele al\u0131nan ve bilgi verilen bir ba\u015fka konu ise, \u00e7ar\u015f\u0131larda d\u00f6viz cinsinden yap\u0131lan sat\u0131\u015flarda, pos cihazlar\u0131ndan d\u00f6viz cinsinden \u00e7ekim yap\u0131lamamas\u0131 konusunda ya\u015fanan s\u0131k\u0131nt\u0131lar\u0131n giderilmesi konusundaki \u00e7al\u0131\u015fmalar oldu.<br \/>\n<br \/>G\u00fcndem maddelerinin tamamlanmas\u0131yla son bulan toplant\u0131da, Ku\u015fadas\u0131 Ticaret Odas\u0131 Y\u00f6netim Kurulu Ba\u015fkan\u0131 Serdar Akdo\u011fan; Meclis toplant\u0131s\u0131na kat\u0131larak yap\u0131lan \u00e7al\u0131\u015fmalarla ilgili bilgi veren ve sorular\u0131 cevaplayan Belediye Ba\u015fkan\u0131 \u00d6mer G\u00fcnel\u2019e ve di\u011fer konuklara te\u015fekk\u00fcr etti.<br \/><\/p>\n","protected":false},"excerpt":{"rendered":"<p>Ku\u015fadas\u0131 Ticaret Odas\u0131\u2019nda, 2025 y\u0131l\u0131n\u0131n ilk Meclis toplant\u0131s\u0131 yap\u0131ld\u0131. Meclis Ba\u015fkan\u0131 B\u00fclent \u0130lbahar ba\u015fkanl\u0131\u011f\u0131nda ger\u00e7ekle\u015fen ve Y\u00f6netim Kurulu Ba\u015fkan\u0131 Serdar Akdo\u011fan\u2019\u0131n Y\u00f6netim Kurulu faaliyetleri hakk\u0131nda bilgi vermesiyle devam eden Ocak ay\u0131 Ola\u011fan Meclis toplant\u0131s\u0131na, Ku\u015fadas\u0131 Belediye Ba\u015fkan\u0131 \u00d6mer G\u00fcnel konuk oldu. Toplant\u0131da, Ku\u015fadas\u0131\u2019nda devam eden ve hayata ge\u00e7en projelerle ilgili bilgi vererek, detaylar\u0131 anlatan G\u00fcnel,&#8230;<\/p>\n","protected":false},"author":1,"featured_media":14205,"comment_status":"open","ping_status":"open","sticky":false,"template":"","format":"standard","meta":{"_crdt_document":"","footnotes":""},"categories":[1],"tags":[],"class_list":["post-14204","post","type-post","status-publish","format-standard","has-post-thumbnail","hentry","category-guncel"],"_links":{"self":[{"href":"https:\/\/www.egemtv.com\/index.php?rest_route=\/wp\/v2\/posts\/14204","targetHints":{"allow":["GET"]}}],"collection":[{"href":"https:\/\/www.egemtv.com\/index.php?rest_route=\/wp\/v2\/posts"}],"about":[{"href":"https:\/\/www.egemtv.com\/index.php?rest_route=\/wp\/v2\/types\/post"}],"author":[{"embeddable":true,"href":"https:\/\/www.egemtv.com\/index.php?rest_route=\/wp\/v2\/users\/1"}],"replies":[{"embeddable":true,"href":"https:\/\/www.egemtv.com\/index.php?rest_route=%2Fwp%2Fv2%2Fcomments&post=14204"}],"version-history":[{"count":1,"href":"https:\/\/www.egemtv.com\/index.php?rest_route=\/wp\/v2\/posts\/14204\/revisions"}],"predecessor-version":[{"id":14206,"href":"https:\/\/www.egemtv.com\/index.php?rest_route=\/wp\/v2\/posts\/14204\/revisions\/14206"}],"wp:featuredmedia":[{"embeddable":true,"href":"https:\/\/www.egemtv.com\/index.php?rest_route=\/wp\/v2\/media\/14205"}],"wp:attachment":[{"href":"https:\/\/www.egemtv.com\/index.php?rest_route=%2Fwp%2Fv2%2Fmedia&parent=14204"}],"wp:term":[{"taxonomy":"category","embeddable":true,"href":"https:\/\/www.egemtv.com\/index.php?rest_route=%2Fwp%2Fv2%2Fcategories&post=14204"},{"taxonomy":"post_tag","embeddable":true,"href":"https:\/\/www.egemtv.com\/index.php?rest_route=%2Fwp%2Fv2%2Ftags&post=14204"}],"curies":[{"name":"wp","href":"https:\/\/api.w.org\/{rel}","templated":true}]}}