{"id":14201,"date":"2025-01-31T18:41:59","date_gmt":"2025-01-31T15:41:59","guid":{"rendered":"https:\/\/www.egemtv.com\/?p=14201"},"modified":"2025-01-31T18:42:05","modified_gmt":"2025-01-31T15:42:05","slug":"koycegizde-ikinci-donem-yapilacak-egitim-ogretim-faaliyetleri-gorusuldu","status":"publish","type":"post","link":"https:\/\/www.egemtv.com\/?p=14201","title":{"rendered":"K\u00f6yce\u011fiz\u2019de ikinci d\u00f6nem yap\u0131lacak e\u011fitim \u00f6\u011fretim faaliyetleri g\u00f6r\u00fc\u015f\u00fcld\u00fc"},"content":{"rendered":"<p>Mu\u011fla\u2019n\u0131n K\u00f6yce\u011fiz il\u00e7esinde 2024-2025 E\u011fitim \u00d6\u011fretim Y\u0131l\u0131 \u0130kinci D\u00f6nem Okul ve Kurum M\u00fcd\u00fcrleri toplant\u0131s\u0131 \u0130l\u00e7e Milli E\u011fitim M\u00fcd\u00fcr\u00fc Kerem Karahan Ba\u015fkanl\u0131\u011f\u0131nda, Y\u00fcksekkum Mesleki ve Teknik Anadolu Lisesi\u2019nde ger\u00e7ekle\u015ftirildi. Toplant\u0131da; E\u011fitimde T\u00fcrkiye Y\u00fczy\u0131l\u0131 vizyonuyla T\u00fcrkiye Y\u00fczy\u0131l\u0131 Maarif Modeli rehberli\u011finde devam eden e\u011fitim \u00f6\u011fretim faaliyetleri, 2024-2025 E\u011fitim \u00d6\u011fretim Y\u0131l\u0131nda Uygulanan Bakanl\u0131k Projeleri ile Yerel Projeler, Okul ve \u00d6\u011frenci G\u00fcvenli\u011fi, \u0130\u015f Sa\u011fl\u0131\u011f\u0131 ve G\u00fcvenli\u011fi ile ilgili al\u0131nacak tedbirler, E\u011fitim ve \u00f6\u011fretimde kalitenin y\u00fckseltilmesi ve akademik ba\u015far\u0131n\u0131n art\u0131r\u0131lmas\u0131na y\u00f6nelik uygulanacak y\u00f6ntemler ve okullar\u0131n ikinci d\u00f6neme haz\u0131rl\u0131k durumlar\u0131 gibi konular ele al\u0131nd\u0131. Toplant\u0131ya kat\u0131lan okul\/Kurum m\u00fcd\u00fcrlerine te\u015fekk\u00fcr edilerek ikinci d\u00f6nemin hay\u0131rl\u0131 ve ba\u015far\u0131l\u0131 olmas\u0131 dile\u011fiyle toplant\u0131 sona erdi. \u0130kinci d\u00f6nem yap\u0131lacak e\u011fitim \u00f6\u011fretim faaliyetlerinin g\u00f6r\u00fc\u015f\u00fcld\u00fc\u011f\u00fc toplant\u0131ya \u015eube M\u00fcd\u00fcr\u00fc Dr. Avni Aytekin ve okul\/kurum m\u00fcd\u00fcrleri kat\u0131ld\u0131.<br \/><\/p>\n","protected":false},"excerpt":{"rendered":"<p>Mu\u011fla\u2019n\u0131n K\u00f6yce\u011fiz il\u00e7esinde 2024-2025 E\u011fitim \u00d6\u011fretim Y\u0131l\u0131 \u0130kinci D\u00f6nem Okul ve Kurum M\u00fcd\u00fcrleri toplant\u0131s\u0131 \u0130l\u00e7e Milli E\u011fitim M\u00fcd\u00fcr\u00fc Kerem Karahan Ba\u015fkanl\u0131\u011f\u0131nda, Y\u00fcksekkum Mesleki ve Teknik Anadolu Lisesi\u2019nde ger\u00e7ekle\u015ftirildi. Toplant\u0131da; E\u011fitimde T\u00fcrkiye Y\u00fczy\u0131l\u0131 vizyonuyla T\u00fcrkiye Y\u00fczy\u0131l\u0131 Maarif Modeli rehberli\u011finde devam eden e\u011fitim \u00f6\u011fretim faaliyetleri, 2024-2025 E\u011fitim \u00d6\u011fretim Y\u0131l\u0131nda Uygulanan Bakanl\u0131k Projeleri ile Yerel Projeler, Okul ve&#8230;<\/p>\n","protected":false},"author":1,"featured_media":14202,"comment_status":"open","ping_status":"open","sticky":false,"template":"","format":"standard","meta":{"_crdt_document":"","footnotes":""},"categories":[1],"tags":[],"class_list":["post-14201","post","type-post","status-publish","format-standard","has-post-thumbnail","hentry","category-guncel"],"_links":{"self":[{"href":"https:\/\/www.egemtv.com\/index.php?rest_route=\/wp\/v2\/posts\/14201","targetHints":{"allow":["GET"]}}],"collection":[{"href":"https:\/\/www.egemtv.com\/index.php?rest_route=\/wp\/v2\/posts"}],"about":[{"href":"https:\/\/www.egemtv.com\/index.php?rest_route=\/wp\/v2\/types\/post"}],"author":[{"embeddable":true,"href":"https:\/\/www.egemtv.com\/index.php?rest_route=\/wp\/v2\/users\/1"}],"replies":[{"embeddable":true,"href":"https:\/\/www.egemtv.com\/index.php?rest_route=%2Fwp%2Fv2%2Fcomments&post=14201"}],"version-history":[{"count":1,"href":"https:\/\/www.egemtv.com\/index.php?rest_route=\/wp\/v2\/posts\/14201\/revisions"}],"predecessor-version":[{"id":14203,"href":"https:\/\/www.egemtv.com\/index.php?rest_route=\/wp\/v2\/posts\/14201\/revisions\/14203"}],"wp:featuredmedia":[{"embeddable":true,"href":"https:\/\/www.egemtv.com\/index.php?rest_route=\/wp\/v2\/media\/14202"}],"wp:attachment":[{"href":"https:\/\/www.egemtv.com\/index.php?rest_route=%2Fwp%2Fv2%2Fmedia&parent=14201"}],"wp:term":[{"taxonomy":"category","embeddable":true,"href":"https:\/\/www.egemtv.com\/index.php?rest_route=%2Fwp%2Fv2%2Fcategories&post=14201"},{"taxonomy":"post_tag","embeddable":true,"href":"https:\/\/www.egemtv.com\/index.php?rest_route=%2Fwp%2Fv2%2Ftags&post=14201"}],"curies":[{"name":"wp","href":"https:\/\/api.w.org\/{rel}","templated":true}]}}