{"id":14198,"date":"2025-01-31T18:41:53","date_gmt":"2025-01-31T15:41:53","guid":{"rendered":"https:\/\/www.egemtv.com\/?p=14198"},"modified":"2025-01-31T18:41:59","modified_gmt":"2025-01-31T15:41:59","slug":"avcilarin-ormana-yaptigi-kacak-barakalar-yikildi","status":"publish","type":"post","link":"https:\/\/www.egemtv.com\/?p=14198","title":{"rendered":"Avc\u0131lar\u0131n ormana yapt\u0131\u011f\u0131 ka\u00e7ak barakalar y\u0131k\u0131ld\u0131"},"content":{"rendered":"<p>Mu\u011fla\u2019da yasa d\u0131\u015f\u0131 yaban ke\u00e7isi avlamak i\u00e7in avc\u0131lar taraf\u0131ndan ormanl\u0131k alanlara yap\u0131lan ka\u00e7ak barakalar jandarma ve Orman \u0130\u015fletme M\u00fcd\u00fcrl\u00fc\u011f\u00fc ekipleri taraf\u0131ndan yak\u0131ld\u0131.<br \/>\n<br \/>Mu\u011fla\u2019n\u0131n Mente\u015fe \u0130l\u00e7esi s\u0131n\u0131rlar\u0131nda Mu\u011fla Do\u011fa Koruma ve Milli Parklar M\u00fcd\u00fcrl\u00fc\u011f\u00fc ekipleri taraf\u0131ndan yasad\u0131\u015f\u0131 yaban ke\u00e7isi avlamak i\u00e7in avc\u0131lar\u0131n orman i\u00e7ine yapt\u0131\u011f\u0131 5 adet ka\u00e7ak baraka tespit edildi. Do\u011fa Koruma ve Milli Parklar koordinesinde Mu\u011fla \u0130l Jandarma Komutanl\u0131\u011f\u0131 ve Mu\u011fla Orman \u0130\u015fletme M\u00fcd\u00fcrl\u00fc\u011f\u00fc ekiplerince tespit edilen barakalar y\u0131k\u0131ld\u0131.<br \/>\n<br \/>Yetkililer, yaban hayat\u0131n\u0131n devam\u0131 i\u00e7in ormanl\u0131k alanlara avlanmak amac\u0131yla yap\u0131lan ka\u00e7ak baraka g\u00f6r\u00fclmesi haminde 112 Acil \u00c7a\u011fr\u0131 Merkezinden Do\u011fa Koruma, Orman ve Jandarma ekiplerine bilgi verilmesini istediler.<br \/><\/p>\n","protected":false},"excerpt":{"rendered":"<p>Mu\u011fla\u2019da yasa d\u0131\u015f\u0131 yaban ke\u00e7isi avlamak i\u00e7in avc\u0131lar taraf\u0131ndan ormanl\u0131k alanlara yap\u0131lan ka\u00e7ak barakalar jandarma ve Orman \u0130\u015fletme M\u00fcd\u00fcrl\u00fc\u011f\u00fc ekipleri taraf\u0131ndan yak\u0131ld\u0131. Mu\u011fla\u2019n\u0131n Mente\u015fe \u0130l\u00e7esi s\u0131n\u0131rlar\u0131nda Mu\u011fla Do\u011fa Koruma ve Milli Parklar M\u00fcd\u00fcrl\u00fc\u011f\u00fc ekipleri taraf\u0131ndan yasad\u0131\u015f\u0131 yaban ke\u00e7isi avlamak i\u00e7in avc\u0131lar\u0131n orman i\u00e7ine yapt\u0131\u011f\u0131 5 adet ka\u00e7ak baraka tespit edildi. Do\u011fa Koruma ve Milli Parklar&#8230;<\/p>\n","protected":false},"author":1,"featured_media":14199,"comment_status":"open","ping_status":"open","sticky":false,"template":"","format":"standard","meta":{"_crdt_document":"","footnotes":""},"categories":[1],"tags":[],"class_list":["post-14198","post","type-post","status-publish","format-standard","has-post-thumbnail","hentry","category-guncel"],"_links":{"self":[{"href":"https:\/\/www.egemtv.com\/index.php?rest_route=\/wp\/v2\/posts\/14198","targetHints":{"allow":["GET"]}}],"collection":[{"href":"https:\/\/www.egemtv.com\/index.php?rest_route=\/wp\/v2\/posts"}],"about":[{"href":"https:\/\/www.egemtv.com\/index.php?rest_route=\/wp\/v2\/types\/post"}],"author":[{"embeddable":true,"href":"https:\/\/www.egemtv.com\/index.php?rest_route=\/wp\/v2\/users\/1"}],"replies":[{"embeddable":true,"href":"https:\/\/www.egemtv.com\/index.php?rest_route=%2Fwp%2Fv2%2Fcomments&post=14198"}],"version-history":[{"count":1,"href":"https:\/\/www.egemtv.com\/index.php?rest_route=\/wp\/v2\/posts\/14198\/revisions"}],"predecessor-version":[{"id":14200,"href":"https:\/\/www.egemtv.com\/index.php?rest_route=\/wp\/v2\/posts\/14198\/revisions\/14200"}],"wp:featuredmedia":[{"embeddable":true,"href":"https:\/\/www.egemtv.com\/index.php?rest_route=\/wp\/v2\/media\/14199"}],"wp:attachment":[{"href":"https:\/\/www.egemtv.com\/index.php?rest_route=%2Fwp%2Fv2%2Fmedia&parent=14198"}],"wp:term":[{"taxonomy":"category","embeddable":true,"href":"https:\/\/www.egemtv.com\/index.php?rest_route=%2Fwp%2Fv2%2Fcategories&post=14198"},{"taxonomy":"post_tag","embeddable":true,"href":"https:\/\/www.egemtv.com\/index.php?rest_route=%2Fwp%2Fv2%2Ftags&post=14198"}],"curies":[{"name":"wp","href":"https:\/\/api.w.org\/{rel}","templated":true}]}}