{"id":14195,"date":"2025-01-31T18:41:38","date_gmt":"2025-01-31T15:41:38","guid":{"rendered":"https:\/\/www.egemtv.com\/?p=14195"},"modified":"2025-01-31T18:41:53","modified_gmt":"2025-01-31T15:41:53","slug":"sokeye-kickboksta-basari-ile-donduler","status":"publish","type":"post","link":"https:\/\/www.egemtv.com\/?p=14195","title":{"rendered":"S\u00f6ke\u2019ye Kickboks\u2019ta ba\u015far\u0131 ile d\u00f6nd\u00fcler"},"content":{"rendered":"<p>T\u00fcrkiye Kick Boks Federasyonu 2025 y\u0131l\u0131 faaliyet program\u0131nda yer alan T\u00fcrkiye Kick Boks \u015eampiyonas\u0131 (B\u00fcy\u00fckler ve Gen\u00e7ler) 21-28 Ocak 2025 tarihleri aras\u0131nda Antalya Spor Salonunda yap\u0131ld\u0131. \u015eampiyonada S\u00f6ke\u2019yi temsil eden sporcular \u00d6zge G\u00fcder ve Baran Geraslan \u00f6nemli dereceler elde etti.<\/p>\n<p>Lowkick 70 kilo \u00fcst\u00fc b\u00fcy\u00fck bayanlar kategorisinde m\u00fccadele eden ba\u015far\u0131l\u0131 sporcu \u00d6zge G\u00fcder, \u00fcst\u00fcn performans\u0131yla rakiplerini geride b\u0131rakarak birincili\u011fi kimseye b\u0131rakmad\u0131 ve alt\u0131n madalyan\u0131n sahibi oldu.<\/p>\n<p>Gen\u00e7 erkekler 54 kilo full contact kategorisinde m\u00fccadele eden Baran Geraslan ise \u015fampiyonay\u0131 ikinci s\u0131rada tamamlayarak g\u00fcm\u00fc\u015f madalya kazand\u0131.<\/p>\n<p>S\u00f6keli sporcular\u0131n elde etti\u011fi bu ba\u015far\u0131, il\u00e7ede b\u00fcy\u00fck gurur ya\u015fatt\u0131. Kickboks Antren\u00f6r\u00fc Kenan S\u0131tac\u0131, sporcular\u0131n\u0131 tebrik ederken &#8220;Bir ba\u015far\u0131ya daha imza atmaktan dolay\u0131 \u00e7ok mutluyuz. Gelecek organizasyonlarda da ba\u015far\u0131lar\u0131n devam etmesini temenni ediyorum&#8221; dedi.<\/p>\n<p>\u015eampiyona sonu\u00e7lar\u0131n\u0131n Milli Tak\u0131mlar\u0131 belirleme kriterlerinde de etkili olaca\u011f\u0131 bilgisi verildi.<br \/><\/p>\n","protected":false},"excerpt":{"rendered":"<p>T\u00fcrkiye Kick Boks Federasyonu 2025 y\u0131l\u0131 faaliyet program\u0131nda yer alan T\u00fcrkiye Kick Boks \u015eampiyonas\u0131 (B\u00fcy\u00fckler ve Gen\u00e7ler) 21-28 Ocak 2025 tarihleri aras\u0131nda Antalya Spor Salonunda yap\u0131ld\u0131. \u015eampiyonada S\u00f6ke\u2019yi temsil eden sporcular \u00d6zge G\u00fcder ve Baran Geraslan \u00f6nemli dereceler elde etti. Lowkick 70 kilo \u00fcst\u00fc b\u00fcy\u00fck bayanlar kategorisinde m\u00fccadele eden ba\u015far\u0131l\u0131 sporcu \u00d6zge G\u00fcder, \u00fcst\u00fcn performans\u0131yla&#8230;<\/p>\n","protected":false},"author":1,"featured_media":14196,"comment_status":"open","ping_status":"open","sticky":false,"template":"","format":"standard","meta":{"_crdt_document":"","footnotes":""},"categories":[4],"tags":[],"class_list":["post-14195","post","type-post","status-publish","format-standard","has-post-thumbnail","hentry","category-spor"],"_links":{"self":[{"href":"https:\/\/www.egemtv.com\/index.php?rest_route=\/wp\/v2\/posts\/14195","targetHints":{"allow":["GET"]}}],"collection":[{"href":"https:\/\/www.egemtv.com\/index.php?rest_route=\/wp\/v2\/posts"}],"about":[{"href":"https:\/\/www.egemtv.com\/index.php?rest_route=\/wp\/v2\/types\/post"}],"author":[{"embeddable":true,"href":"https:\/\/www.egemtv.com\/index.php?rest_route=\/wp\/v2\/users\/1"}],"replies":[{"embeddable":true,"href":"https:\/\/www.egemtv.com\/index.php?rest_route=%2Fwp%2Fv2%2Fcomments&post=14195"}],"version-history":[{"count":1,"href":"https:\/\/www.egemtv.com\/index.php?rest_route=\/wp\/v2\/posts\/14195\/revisions"}],"predecessor-version":[{"id":14197,"href":"https:\/\/www.egemtv.com\/index.php?rest_route=\/wp\/v2\/posts\/14195\/revisions\/14197"}],"wp:featuredmedia":[{"embeddable":true,"href":"https:\/\/www.egemtv.com\/index.php?rest_route=\/wp\/v2\/media\/14196"}],"wp:attachment":[{"href":"https:\/\/www.egemtv.com\/index.php?rest_route=%2Fwp%2Fv2%2Fmedia&parent=14195"}],"wp:term":[{"taxonomy":"category","embeddable":true,"href":"https:\/\/www.egemtv.com\/index.php?rest_route=%2Fwp%2Fv2%2Fcategories&post=14195"},{"taxonomy":"post_tag","embeddable":true,"href":"https:\/\/www.egemtv.com\/index.php?rest_route=%2Fwp%2Fv2%2Ftags&post=14195"}],"curies":[{"name":"wp","href":"https:\/\/api.w.org\/{rel}","templated":true}]}}