{"id":14192,"date":"2025-01-31T18:23:33","date_gmt":"2025-01-31T15:23:33","guid":{"rendered":"https:\/\/www.egemtv.com\/?p=14192"},"modified":"2025-01-31T18:23:36","modified_gmt":"2025-01-31T15:23:36","slug":"manisa-fk-mustafa-inan-ile-yollarini-ayirdi","status":"publish","type":"post","link":"https:\/\/www.egemtv.com\/?p=14192","title":{"rendered":"Manisa FK, Mustafa \u0130nan ile yollar\u0131n\u0131 ay\u0131rd\u0131"},"content":{"rendered":"<p>Trendyol 1. Lig ekiplerinden Manisa FK, orta saha oyuncusu Mustafa \u0130nan ile kar\u015f\u0131l\u0131kl\u0131 anla\u015farak yollar\u0131n\u0131 ay\u0131rd\u0131klar\u0131n\u0131 duyurdu.<br \/>\n<br \/>Manisa FK taraf\u0131ndan yap\u0131lan yaz\u0131l\u0131 a\u00e7\u0131klamada, &#8220;Futbolcumuz Mustafa \u0130nan ile kar\u015f\u0131l\u0131kl\u0131 anla\u015farak yollar\u0131m\u0131z\u0131 ay\u0131rm\u0131\u015f bulunmaktay\u0131z. Kul\u00fcb\u00fcm\u00fcze verdi\u011fi hizmetlerden dolay\u0131 Mustafa \u0130nan\u2019a te\u015fekk\u00fcr eder, bundan sonraki kariyerinde ba\u015far\u0131lar dileriz&#8221; ifadelerine yer verildi.<br \/>\n<br \/>Manisa FK, sezon \u00f6ncesi Mustafa \u0130nan ile 14 A\u011fustos 2024 tarihinde 2 y\u0131ll\u0131k s\u00f6zle\u015fme imzalam\u0131\u015ft\u0131.<br \/><\/p>\n","protected":false},"excerpt":{"rendered":"<p>Trendyol 1. Lig ekiplerinden Manisa FK, orta saha oyuncusu Mustafa \u0130nan ile kar\u015f\u0131l\u0131kl\u0131 anla\u015farak yollar\u0131n\u0131 ay\u0131rd\u0131klar\u0131n\u0131 duyurdu. Manisa FK taraf\u0131ndan yap\u0131lan yaz\u0131l\u0131 a\u00e7\u0131klamada, &#8220;Futbolcumuz Mustafa \u0130nan ile kar\u015f\u0131l\u0131kl\u0131 anla\u015farak yollar\u0131m\u0131z\u0131 ay\u0131rm\u0131\u015f bulunmaktay\u0131z. Kul\u00fcb\u00fcm\u00fcze verdi\u011fi hizmetlerden dolay\u0131 Mustafa \u0130nan\u2019a te\u015fekk\u00fcr eder, bundan sonraki kariyerinde ba\u015far\u0131lar dileriz&#8221; ifadelerine yer verildi. Manisa FK, sezon \u00f6ncesi Mustafa \u0130nan ile&#8230;<\/p>\n","protected":false},"author":1,"featured_media":14193,"comment_status":"open","ping_status":"open","sticky":false,"template":"","format":"standard","meta":{"_crdt_document":"","footnotes":""},"categories":[4],"tags":[],"class_list":["post-14192","post","type-post","status-publish","format-standard","has-post-thumbnail","hentry","category-spor"],"_links":{"self":[{"href":"https:\/\/www.egemtv.com\/index.php?rest_route=\/wp\/v2\/posts\/14192","targetHints":{"allow":["GET"]}}],"collection":[{"href":"https:\/\/www.egemtv.com\/index.php?rest_route=\/wp\/v2\/posts"}],"about":[{"href":"https:\/\/www.egemtv.com\/index.php?rest_route=\/wp\/v2\/types\/post"}],"author":[{"embeddable":true,"href":"https:\/\/www.egemtv.com\/index.php?rest_route=\/wp\/v2\/users\/1"}],"replies":[{"embeddable":true,"href":"https:\/\/www.egemtv.com\/index.php?rest_route=%2Fwp%2Fv2%2Fcomments&post=14192"}],"version-history":[{"count":1,"href":"https:\/\/www.egemtv.com\/index.php?rest_route=\/wp\/v2\/posts\/14192\/revisions"}],"predecessor-version":[{"id":14194,"href":"https:\/\/www.egemtv.com\/index.php?rest_route=\/wp\/v2\/posts\/14192\/revisions\/14194"}],"wp:featuredmedia":[{"embeddable":true,"href":"https:\/\/www.egemtv.com\/index.php?rest_route=\/wp\/v2\/media\/14193"}],"wp:attachment":[{"href":"https:\/\/www.egemtv.com\/index.php?rest_route=%2Fwp%2Fv2%2Fmedia&parent=14192"}],"wp:term":[{"taxonomy":"category","embeddable":true,"href":"https:\/\/www.egemtv.com\/index.php?rest_route=%2Fwp%2Fv2%2Fcategories&post=14192"},{"taxonomy":"post_tag","embeddable":true,"href":"https:\/\/www.egemtv.com\/index.php?rest_route=%2Fwp%2Fv2%2Ftags&post=14192"}],"curies":[{"name":"wp","href":"https:\/\/api.w.org\/{rel}","templated":true}]}}