{"id":14189,"date":"2025-01-31T17:48:13","date_gmt":"2025-01-31T14:48:13","guid":{"rendered":"https:\/\/www.egemtv.com\/?p=14189"},"modified":"2025-01-31T17:48:18","modified_gmt":"2025-01-31T14:48:18","slug":"denizlide-hellenistik-doneme-ait-diadem-ele-gecirildi","status":"publish","type":"post","link":"https:\/\/www.egemtv.com\/?p=14189","title":{"rendered":"Denizli\u2019de Hellenistik d\u00f6neme ait diadem ele ge\u00e7irildi"},"content":{"rendered":"<p>Denizli\u2019de jandarma ekiplerinin k\u00fclt\u00fcr ve tabiat varl\u0131\u011f\u0131 ka\u00e7ak\u00e7\u0131l\u0131\u011f\u0131n\u0131n \u00f6nlenmesine y\u00f6nelik olarak d\u00fczenledi\u011fi operasyon kapsam\u0131nda, Hellenistik d\u00f6nemlerine ait oldu\u011fu tespit edilen alt\u0131n diadem (ta\u00e7) ve g\u00fcm\u00fc\u015f ve bronz tarihi obje ele ge\u00e7irildi.<\/p>\n<p>Denizli \u0130l Jandarma Komutanl\u0131\u011f\u0131, k\u00fclt\u00fcr ve tabiat varl\u0131\u011f\u0131 ka\u00e7ak\u00e7\u0131l\u0131\u011f\u0131 yapan \u015fah\u0131slara y\u00f6nelik \u00e7al\u0131\u015fmalar\u0131n\u0131 s\u00fcrd\u00fcr\u00fcl\u00fcyor. Denizli Cumhuriyet Ba\u015fsavc\u0131l\u0131\u011f\u0131 koordinesinde Denizli \u0130l Jandarma ekiplerince Denizli\u2019nin Sarayk\u00f6y \u0130l\u00e7esinde ka\u00e7ak\u00e7\u0131l\u0131kla m\u00fccadele kapsam\u0131nda operasyon d\u00fczenlendi.2 \u015f\u00fcpheliye y\u00f6neli yap\u0131lan operasyonda Hellenistik d\u00f6nemlerine ait oldu\u011fu tespit edilen 1 adet alt\u0131n diadem ve par\u00e7alar\u0131, 2 adet bronz sikke ve 1 adet g\u00fcm\u00fc\u015f y\u00fcz\u00fck ele ge\u00e7irildi.<\/p>\n<p>Ele ge\u00e7irilen malzemelere el konulurken, 2 \u015f\u00fcpheli hakk\u0131nda &#8220;2863 Say\u0131l\u0131 K\u00fclt\u00fcr ve Tabiat Varl\u0131klar\u0131 Koruma Kanununa Muhalefet&#8221; su\u00e7undan adli i\u015flemlerin ba\u015flat\u0131ld\u0131\u011f\u0131 \u00f6\u011frenildi.<br \/><\/p>\n","protected":false},"excerpt":{"rendered":"<p>Denizli\u2019de jandarma ekiplerinin k\u00fclt\u00fcr ve tabiat varl\u0131\u011f\u0131 ka\u00e7ak\u00e7\u0131l\u0131\u011f\u0131n\u0131n \u00f6nlenmesine y\u00f6nelik olarak d\u00fczenledi\u011fi operasyon kapsam\u0131nda, Hellenistik d\u00f6nemlerine ait oldu\u011fu tespit edilen alt\u0131n diadem (ta\u00e7) ve g\u00fcm\u00fc\u015f ve bronz tarihi obje ele ge\u00e7irildi. Denizli \u0130l Jandarma Komutanl\u0131\u011f\u0131, k\u00fclt\u00fcr ve tabiat varl\u0131\u011f\u0131 ka\u00e7ak\u00e7\u0131l\u0131\u011f\u0131 yapan \u015fah\u0131slara y\u00f6nelik \u00e7al\u0131\u015fmalar\u0131n\u0131 s\u00fcrd\u00fcr\u00fcl\u00fcyor. Denizli Cumhuriyet Ba\u015fsavc\u0131l\u0131\u011f\u0131 koordinesinde Denizli \u0130l Jandarma ekiplerince Denizli\u2019nin Sarayk\u00f6y&#8230;<\/p>\n","protected":false},"author":1,"featured_media":14190,"comment_status":"open","ping_status":"open","sticky":false,"template":"","format":"standard","meta":{"_crdt_document":"","footnotes":""},"categories":[5],"tags":[],"class_list":["post-14189","post","type-post","status-publish","format-standard","has-post-thumbnail","hentry","category-asayis"],"_links":{"self":[{"href":"https:\/\/www.egemtv.com\/index.php?rest_route=\/wp\/v2\/posts\/14189","targetHints":{"allow":["GET"]}}],"collection":[{"href":"https:\/\/www.egemtv.com\/index.php?rest_route=\/wp\/v2\/posts"}],"about":[{"href":"https:\/\/www.egemtv.com\/index.php?rest_route=\/wp\/v2\/types\/post"}],"author":[{"embeddable":true,"href":"https:\/\/www.egemtv.com\/index.php?rest_route=\/wp\/v2\/users\/1"}],"replies":[{"embeddable":true,"href":"https:\/\/www.egemtv.com\/index.php?rest_route=%2Fwp%2Fv2%2Fcomments&post=14189"}],"version-history":[{"count":1,"href":"https:\/\/www.egemtv.com\/index.php?rest_route=\/wp\/v2\/posts\/14189\/revisions"}],"predecessor-version":[{"id":14191,"href":"https:\/\/www.egemtv.com\/index.php?rest_route=\/wp\/v2\/posts\/14189\/revisions\/14191"}],"wp:featuredmedia":[{"embeddable":true,"href":"https:\/\/www.egemtv.com\/index.php?rest_route=\/wp\/v2\/media\/14190"}],"wp:attachment":[{"href":"https:\/\/www.egemtv.com\/index.php?rest_route=%2Fwp%2Fv2%2Fmedia&parent=14189"}],"wp:term":[{"taxonomy":"category","embeddable":true,"href":"https:\/\/www.egemtv.com\/index.php?rest_route=%2Fwp%2Fv2%2Fcategories&post=14189"},{"taxonomy":"post_tag","embeddable":true,"href":"https:\/\/www.egemtv.com\/index.php?rest_route=%2Fwp%2Fv2%2Ftags&post=14189"}],"curies":[{"name":"wp","href":"https:\/\/api.w.org\/{rel}","templated":true}]}}