{"id":14186,"date":"2025-01-31T17:38:29","date_gmt":"2025-01-31T14:38:29","guid":{"rendered":"https:\/\/www.egemtv.com\/?p=14186"},"modified":"2025-01-31T17:38:37","modified_gmt":"2025-01-31T14:38:37","slug":"kusadasinda-uyusturucu-operasyonuna-1-tutuklama","status":"publish","type":"post","link":"https:\/\/www.egemtv.com\/?p=14186","title":{"rendered":"Ku\u015fadas\u0131\u2019nda uyu\u015fturucu operasyonuna 1 tutuklama"},"content":{"rendered":"<p>Ayd\u0131n\u2019\u0131n Ku\u015fadas\u0131 il\u00e7esinde d\u00fczenlenen uyu\u015fturucu operasyonunda 1 \u015f\u00fcpheli tutukland\u0131.<br \/>\n<br \/>Edinilen bilgiye g\u00f6re, Ku\u015fadas\u0131 Narkotik Su\u00e7larla M\u00fccadele B\u00fcro Amirli\u011fi ekiplerince bir ikamette yap\u0131lan aramalarda; 15.97 gram metamfetamin, 6 adet sentetik hap, 1 hassas terazi ele ge\u00e7irildi. Operasyonda A.P. (35) yakalanarak g\u00f6zalt\u0131na al\u0131nd\u0131. Zanl\u0131, emniyetteki i\u015flemlerinin ard\u0131ndan sevk edildi\u011fi adli makamlarca tutuklanarak cezaevine g\u00f6nderildi.<br \/><\/p>\n","protected":false},"excerpt":{"rendered":"<p>Ayd\u0131n\u2019\u0131n Ku\u015fadas\u0131 il\u00e7esinde d\u00fczenlenen uyu\u015fturucu operasyonunda 1 \u015f\u00fcpheli tutukland\u0131. Edinilen bilgiye g\u00f6re, Ku\u015fadas\u0131 Narkotik Su\u00e7larla M\u00fccadele B\u00fcro Amirli\u011fi ekiplerince bir ikamette yap\u0131lan aramalarda; 15.97 gram metamfetamin, 6 adet sentetik hap, 1 hassas terazi ele ge\u00e7irildi. Operasyonda A.P. (35) yakalanarak g\u00f6zalt\u0131na al\u0131nd\u0131. Zanl\u0131, emniyetteki i\u015flemlerinin ard\u0131ndan sevk edildi\u011fi adli makamlarca tutuklanarak cezaevine g\u00f6nderildi.<\/p>\n","protected":false},"author":1,"featured_media":14187,"comment_status":"open","ping_status":"open","sticky":false,"template":"","format":"standard","meta":{"_crdt_document":"","footnotes":""},"categories":[5],"tags":[],"class_list":["post-14186","post","type-post","status-publish","format-standard","has-post-thumbnail","hentry","category-asayis"],"_links":{"self":[{"href":"https:\/\/www.egemtv.com\/index.php?rest_route=\/wp\/v2\/posts\/14186","targetHints":{"allow":["GET"]}}],"collection":[{"href":"https:\/\/www.egemtv.com\/index.php?rest_route=\/wp\/v2\/posts"}],"about":[{"href":"https:\/\/www.egemtv.com\/index.php?rest_route=\/wp\/v2\/types\/post"}],"author":[{"embeddable":true,"href":"https:\/\/www.egemtv.com\/index.php?rest_route=\/wp\/v2\/users\/1"}],"replies":[{"embeddable":true,"href":"https:\/\/www.egemtv.com\/index.php?rest_route=%2Fwp%2Fv2%2Fcomments&post=14186"}],"version-history":[{"count":1,"href":"https:\/\/www.egemtv.com\/index.php?rest_route=\/wp\/v2\/posts\/14186\/revisions"}],"predecessor-version":[{"id":14188,"href":"https:\/\/www.egemtv.com\/index.php?rest_route=\/wp\/v2\/posts\/14186\/revisions\/14188"}],"wp:featuredmedia":[{"embeddable":true,"href":"https:\/\/www.egemtv.com\/index.php?rest_route=\/wp\/v2\/media\/14187"}],"wp:attachment":[{"href":"https:\/\/www.egemtv.com\/index.php?rest_route=%2Fwp%2Fv2%2Fmedia&parent=14186"}],"wp:term":[{"taxonomy":"category","embeddable":true,"href":"https:\/\/www.egemtv.com\/index.php?rest_route=%2Fwp%2Fv2%2Fcategories&post=14186"},{"taxonomy":"post_tag","embeddable":true,"href":"https:\/\/www.egemtv.com\/index.php?rest_route=%2Fwp%2Fv2%2Ftags&post=14186"}],"curies":[{"name":"wp","href":"https:\/\/api.w.org\/{rel}","templated":true}]}}