{"id":14183,"date":"2025-01-31T17:17:22","date_gmt":"2025-01-31T14:17:22","guid":{"rendered":"https:\/\/www.egemtv.com\/?p=14183"},"modified":"2025-01-31T17:17:25","modified_gmt":"2025-01-31T14:17:25","slug":"uzmanindan-sari-serum-aciklamasi-bilincsizce-yapilan-mudahaleler-faydadan-cok-zarar-getirebilir","status":"publish","type":"post","link":"https:\/\/www.egemtv.com\/?p=14183","title":{"rendered":"Uzman\u0131ndan sar\u0131 serum a\u00e7\u0131klamas\u0131: Bilin\u00e7sizce yap\u0131lan m\u00fcdahaleler faydadan \u00e7ok zarar getirebilir"},"content":{"rendered":"<p>Halk aras\u0131nda \u2019sar\u0131 serum\u2019 ve \u2019atom\u2019 diye bilinen serumlar hakk\u0131nda a\u00e7\u0131klamalarda bulunan Manisa \u015eehir Hastanesi Ba\u015fhekim Yard\u0131mc\u0131s\u0131 Aile Hekimli\u011fi Uzman Hekimi Ezgi Tan\u0131ml\u0131, &#8220;Bilin\u00e7sizce yap\u0131lan m\u00fcdahaleler faydadan \u00e7ok zarar getirebilir. Sa\u011fl\u0131\u011f\u0131n\u0131z\u0131 riske atmamak i\u00e7in doktor \u00f6nerisi olmadan herhangi bir serum veya ila\u00e7 kullanmay\u0131n\u0131z&#8221; dedi.<br \/>\n<br \/>Uzman Hekimi Ezgi Tan\u0131ml\u0131 son zamanlarda halk aras\u0131nda \u2019sar\u0131 serum\u2019 veya \u2019atom\u2019 gibi isimlerle an\u0131lan serumlarla ilgili bir\u00e7ok yanl\u0131\u015f bilgi yay\u0131ld\u0131\u011f\u0131n\u0131 kaydetti. Tan\u0131ml\u0131, &#8220;Bu konuda halk\u0131m\u0131z\u0131 do\u011fru bilgilendirmek ve gereksiz uygulamalar\u0131n \u00f6n\u00fcne ge\u00e7mek i\u00e7in baz\u0131 \u00f6nemli noktalar\u0131 payla\u015fmak istiyoruz. \u00d6ncelikle, \u2019sar\u0131 serum\u2019 olarak bilinen serumlar genellikle vitaminler, mineraller ve baz\u0131 destekleyici ila\u00e7lar i\u00e7eren kar\u0131\u015f\u0131mlard\u0131r. Ancak bu serumlar, san\u0131lan\u0131n aksine ba\u011f\u0131\u015f\u0131kl\u0131k sistemini an\u0131nda g\u00fc\u00e7lendiren veya hastal\u0131klar\u0131 \u00f6nleyen \u00e7\u00f6z\u00fcmler de\u011fildir. Her bireyin sa\u011fl\u0131k durumu farkl\u0131d\u0131r ve herhangi bir serumun ya da ilac\u0131n ki\u015fiye \u00f6zel olarak doktor kontrol\u00fcnde uygulanmas\u0131 gerekir. Neden herkese serum tak\u0131lmamal\u0131? T\u0131bbi bir gereklilik olmal\u0131d\u0131r: Serum tedavisi, hastan\u0131n ihtiyac\u0131na g\u00f6re doktor taraf\u0131ndan belirlenir. Yorgunluk, halsizlik gibi \u015fikayetler her zaman serum gerektirmez. Yan etkileri olabilir: \u0130\u00e7eri\u011findeki maddelere kar\u015f\u0131 alerjik reaksiyon geli\u015febilir, b\u00f6brek ve karaci\u011fer gibi organlara y\u00fck bindirebilir. Gereksiz kullan\u0131m zararl\u0131d\u0131r. V\u00fccudun ihtiyac\u0131 olmayan takviyeleri almak, organlar\u0131n do\u011fal dengesini bozabilir. Ayr\u0131ca, damardan al\u0131nan her s\u0131v\u0131 y\u00fck\u00fc dola\u015f\u0131m sistemine ek y\u00fck bindirir. Sa\u011fl\u0131\u011f\u0131m\u0131z\u0131 koruman\u0131n en do\u011fru yolu, dengeli beslenmek, d\u00fczenli uyumak, yeterli su t\u00fcketmek ve egzersiz yapmakt\u0131r. Gerekti\u011finde ise en do\u011fru tedavi y\u00f6ntemini belirlemek i\u00e7in mutlaka bir doktora dan\u0131\u015f\u0131lmal\u0131d\u0131r. Unutmayal\u0131m ki, her t\u0131bbi uygulama ki\u015fiye \u00f6zel olmal\u0131d\u0131r. Bilin\u00e7sizce yap\u0131lan m\u00fcdahaleler faydadan \u00e7ok zarar getirebilir. Sa\u011fl\u0131\u011f\u0131n\u0131z\u0131 riske atmamak i\u00e7in doktor \u00f6nerisi olmadan herhangi bir serum veya ila\u00e7 kullanmay\u0131n\u0131z&#8221; dedi.<br \/><\/p>\n","protected":false},"excerpt":{"rendered":"<p>Halk aras\u0131nda \u2019sar\u0131 serum\u2019 ve \u2019atom\u2019 diye bilinen serumlar hakk\u0131nda a\u00e7\u0131klamalarda bulunan Manisa \u015eehir Hastanesi Ba\u015fhekim Yard\u0131mc\u0131s\u0131 Aile Hekimli\u011fi Uzman Hekimi Ezgi Tan\u0131ml\u0131, &#8220;Bilin\u00e7sizce yap\u0131lan m\u00fcdahaleler faydadan \u00e7ok zarar getirebilir. Sa\u011fl\u0131\u011f\u0131n\u0131z\u0131 riske atmamak i\u00e7in doktor \u00f6nerisi olmadan herhangi bir serum veya ila\u00e7 kullanmay\u0131n\u0131z&#8221; dedi. Uzman Hekimi Ezgi Tan\u0131ml\u0131 son zamanlarda halk aras\u0131nda \u2019sar\u0131 serum\u2019 veya&#8230;<\/p>\n","protected":false},"author":1,"featured_media":14184,"comment_status":"open","ping_status":"open","sticky":false,"template":"","format":"standard","meta":{"_crdt_document":"","footnotes":""},"categories":[2],"tags":[],"class_list":["post-14183","post","type-post","status-publish","format-standard","has-post-thumbnail","hentry","category-saglik"],"_links":{"self":[{"href":"https:\/\/www.egemtv.com\/index.php?rest_route=\/wp\/v2\/posts\/14183","targetHints":{"allow":["GET"]}}],"collection":[{"href":"https:\/\/www.egemtv.com\/index.php?rest_route=\/wp\/v2\/posts"}],"about":[{"href":"https:\/\/www.egemtv.com\/index.php?rest_route=\/wp\/v2\/types\/post"}],"author":[{"embeddable":true,"href":"https:\/\/www.egemtv.com\/index.php?rest_route=\/wp\/v2\/users\/1"}],"replies":[{"embeddable":true,"href":"https:\/\/www.egemtv.com\/index.php?rest_route=%2Fwp%2Fv2%2Fcomments&post=14183"}],"version-history":[{"count":1,"href":"https:\/\/www.egemtv.com\/index.php?rest_route=\/wp\/v2\/posts\/14183\/revisions"}],"predecessor-version":[{"id":14185,"href":"https:\/\/www.egemtv.com\/index.php?rest_route=\/wp\/v2\/posts\/14183\/revisions\/14185"}],"wp:featuredmedia":[{"embeddable":true,"href":"https:\/\/www.egemtv.com\/index.php?rest_route=\/wp\/v2\/media\/14184"}],"wp:attachment":[{"href":"https:\/\/www.egemtv.com\/index.php?rest_route=%2Fwp%2Fv2%2Fmedia&parent=14183"}],"wp:term":[{"taxonomy":"category","embeddable":true,"href":"https:\/\/www.egemtv.com\/index.php?rest_route=%2Fwp%2Fv2%2Fcategories&post=14183"},{"taxonomy":"post_tag","embeddable":true,"href":"https:\/\/www.egemtv.com\/index.php?rest_route=%2Fwp%2Fv2%2Ftags&post=14183"}],"curies":[{"name":"wp","href":"https:\/\/api.w.org\/{rel}","templated":true}]}}