{"id":14175,"date":"2025-01-31T17:12:09","date_gmt":"2025-01-31T14:12:09","guid":{"rendered":"https:\/\/www.egemtv.com\/?p=14175"},"modified":"2025-01-31T17:12:14","modified_gmt":"2025-01-31T14:12:14","slug":"cemar-mermerin-genel-muduru-yusuf-yalcin-musiad-yonetiminde-yer-aldi-2","status":"publish","type":"post","link":"https:\/\/www.egemtv.com\/?p=14175","title":{"rendered":"Cemar Mermer\u2019in Genel M\u00fcd\u00fcr\u00fc Yusuf Yal\u00e7\u0131n, M\u00dcS\u0130AD y\u00f6netiminde yer ald\u0131"},"content":{"rendered":"<p>M\u00fcstakil Sanayici ve \u0130\u015fadamlar\u0131 Derne\u011fi (M\u00dcS\u0130AD) \u0130zmir \u015eubesinin 25. Ola\u011fan Genel Kurulu ger\u00e7ekle\u015ftirildi. Manisa\u2019dan d\u00fcnyan\u0131n d\u00f6rt bir yan\u0131na yapt\u0131klar\u0131 ihracatla sekt\u00f6r\u00fcn nabz\u0131n\u0131 tutan Cemar Mermer ve Traverten\u2019in Genel M\u00fcd\u00fcr\u00fc Yusuf Yal\u00e7\u0131n, g\u00fcven tazeleyerek yeniden M\u00dcS\u0130AD \u0130zmir \u015eube Ba\u015fkan\u0131 olarak se\u00e7ilen G\u00f6khan Temur\u2019un y\u00f6netim kurulu listesinde yer ald\u0131.<br \/>\n<br \/>M\u00fcstakil Sanayici ve \u0130\u015fadamlar\u0131 Derne\u011fi (M\u00dcS\u0130AD) \u0130zmir \u015eubesinin 25. Ola\u011fan Genel Kurulu, \u0130zmir Bilal Sayg\u0131l\u0131 Cami ve K\u00fclliyesi Ertu\u011frul Gazi Konferans Salonu\u2019nda d\u00fczenlendi. \u0130zmir Valisi S\u00fcleyman Elban, AK Parti Genel Ba\u015fkan Yard\u0131mc\u0131s\u0131 Hamza Da\u011f, protokol \u00fcyeleri ve \u00e7ok say\u0131da davetlinin kat\u0131ld\u0131\u011f\u0131 se\u00e7imli genel kurulda, M\u00dcS\u0130AD \u0130zmir Ba\u015fkanl\u0131\u011f\u0131na tek aday olan G\u00f6khan Temur g\u00fcven tazeleyerek yeniden ba\u015fkan se\u00e7ildi.<\/p>\n<p>Sekt\u00f6r\u00fcn \u00f6nc\u00fcs\u00fc Cemar\u2019\u0131n Genel M\u00fcd\u00fcr\u00fc Yal\u00e7\u0131n da listede yer ald\u0131<br \/>\n<br \/>\u00d6te yandan, Manisa\u2019n\u0131n Kula il\u00e7esinden d\u00fcnyan\u0131n d\u00f6rt bir yan\u0131na yapt\u0131klar\u0131 ihracatla sekt\u00f6r\u00fcn \u00f6nc\u00fcs\u00fc olan, istihdam ve ihracat odakl\u0131 \u00e7al\u0131\u015fmalar\u0131yla \u00fclke ekonomisine b\u00fcy\u00fck katk\u0131lar sa\u011flayan Cemar Mermer ve Traverten\u2019in Genel M\u00fcd\u00fcr\u00fc Yusuf Yal\u00e7\u0131n, g\u00fcven tazeleyen Ba\u015fkan Temur\u2019un y\u00f6netim kurulu listesinde yer ald\u0131. B\u00fcy\u00fck bir g\u00f6revi daha \u00fcstlenen Cemar Mermer Genel M\u00fcd\u00fcr\u00fc Yusuf Yal\u00e7\u0131n\u2019\u0131n rozetini ise AK Parti Genel Ba\u015fkan Yard\u0131mc\u0131s\u0131 Hamza Da\u011f takt\u0131.<br \/>\n<br \/>M\u00dcS\u0130AD\u2019\u0131n devletin vizyon ve duru\u015funa yumu\u015fak g\u00fc\u00e7 olarak de\u011fer katt\u0131\u011f\u0131n\u0131 anlatan AK Parti Genel Ba\u015fkan Yard\u0131mc\u0131s\u0131 Hamza Da\u011f, &#8220;\u00d6zellikle son y\u0131llarda \u00fclkemiz hem b\u00f6lge siyasetinde hem de d\u00fcnya siyasetinde ciddi bir ivme kazand\u0131. Bu kazan\u0131mda M\u00dcS\u0130AD gibi kurumlar\u0131m\u0131z\u0131n g\u00fcc\u00fcn\u00fc t\u00fcm d\u00fcnyada g\u00f6sterme anlam\u0131nda \u00e7ok \u00f6nemli bir misyonu oldu. \u00dclkemizde ortaya koydu\u011fumuz Afrika a\u00e7\u0131l\u0131m\u0131 ve bununla beraber i\u015f d\u00fcnyas\u0131n\u0131n oraya kat\u0131l\u0131m\u0131, hem de Orta Do\u011fu\u2019daki geli\u015fmelere kay\u0131ts\u0131z kalmayarak orada yapt\u0131\u011f\u0131m\u0131z hamlelere bu tarzdaki STK\u2019lar\u0131n hassas bir \u015fekilde \u00fczerine gitmesi, bizim d\u00fcnya siyaseti anlam\u0131nda ortaya koydu\u011fumuz vizyona e\u011fer bu kurumlar\u0131m\u0131z bu hassasiyeti ortaya koymaz ise bunu devlet g\u00fcc\u00fcyle bir yere kadar g\u00f6t\u00fcrebilirsiniz. M\u00dcS\u0130AD\u2019\u0131n bu \u00e7al\u0131\u015fmalar\u0131n\u0131 ger\u00e7ekten \u00e7ok k\u0131ymetli buluyoruz. Ayr\u0131ca M\u00dcS\u0130AD\u2019\u0131n Gazze\u2019de \u00f6zellikle yard\u0131mlarla beraber bu i\u015flerin i\u00e7inde olmas\u0131, 13 y\u0131ld\u0131r Suriye\u2019de ya\u015fad\u0131\u011f\u0131m\u0131z s\u00fcrece, oradaki zulme kay\u0131ts\u0131z kalmayarak o zul\u00fcmden ka\u00e7an insanlara kucak a\u00e7mak M\u00dcS\u0130AD\u2019\u0131n da ana g\u00fcndemlerinden biri oldu. Bunlar\u0131n hepsi bir vizyon ve duru\u015f ortaya koydu\u011funuzda, bu vizyona ve duru\u015fa M\u00dcSA\u0130D\u2019\u0131n yumu\u015fak g\u00fc\u00e7 noktas\u0131nda de\u011fer katmas\u0131d\u0131r. \u00d6zellikle bizim 2002\u2019den bu yana da M\u00dcS\u0130AD\u2019\u0131n fonksiyonunun \u00e7ok \u00f6nemli ve anlaml\u0131 oldu\u011funu d\u00fc\u015f\u00fcn\u00fcyorum. Bu vesile ile M\u00dcS\u0130AD \u0130zmir \u015eubesi\u2019nin 25. Ola\u011fan Genel Kurulu\u2019nun hay\u0131rlara vesile olmas\u0131n\u0131 temenni ediyor, g\u00fcven tazeleyen \u015eube Ba\u015fkan\u0131 G\u00f6khan Temur\u2019a da \u00e7al\u0131\u015fmalar\u0131nda ba\u015far\u0131lar diliyorum&#8221; ifadelerini kulland\u0131.<br \/>\n<br \/>2 y\u0131ld\u0131r \u0130zmir\u2019de M\u00dcS\u0130AD bayra\u011f\u0131n\u0131 daha ileriye g\u00f6t\u00fcrmeye \u00e7al\u0131\u015ft\u0131\u011f\u0131n\u0131 ve yeni d\u00f6nemde yeni projelerle de\u011fer katmak istediklerini alt\u0131n\u0131 \u00e7izen M\u00dcS\u0130AD \u0130zmir \u015eube Ba\u015fkan\u0131 G\u00f6khan Temur ise, &#8220;20 Ocak 2023 tarihinde ilk d\u00f6nem i\u00e7in g\u00f6reve se\u00e7ilmi\u015ftik ve akabinde 6 \u015eubat depremleriyle beraber asr\u0131n felaketi olarak nitelendirilen depremlere odakland\u0131k. Yakla\u015f\u0131k 1 y\u0131ll\u0131k s\u00fcre i\u00e7erisinde Kahramanmara\u015f\u2019ta konteyner kent kurduk. Onun akabinde yerel se\u00e7imle beraber bu 2 y\u0131ll\u0131k s\u00fcreci bir \u00e7ok programla atlatt\u0131k. Geldi\u011fimiz noktada a\u00e7\u0131k\u00e7as\u0131 zaman \u00e7ok \u00e7abuk ge\u00e7iyor ama son 1 y\u0131ld\u0131r \u015fube binam\u0131z\u0131n in\u015fa s\u00fcrecine a\u011f\u0131rl\u0131k verdik. \u0130n\u015fallah \u00f6n\u00fcm\u00fczdeki birka\u00e7 ay i\u00e7erisinde yeni \u015fube binam\u0131za kavu\u015faca\u011f\u0131z. Bu kapsamda kurumsal yap\u0131m\u0131za uygun kurumsal bir y\u00f6netim anlay\u0131\u015f\u0131yla yeni hizmet binam\u0131zda faaliyetlerimize devam edece\u011fiz. Tabi \u015fehrimize de\u011fer katmak istiyoruz. \u00c7al\u0131\u015fmalar\u0131m\u0131z\u0131 bu \u00e7er\u00e7evede de\u011ferlendiriyoruz. \u00d6n\u00fcm\u00fczdeki d\u00f6nem itibariyle de yeni olu\u015fturdu\u011fumuz y\u00f6netim kurulumuzla bunu ger\u00e7ekle\u015ftirecek \u015fekilde, sekt\u00f6rel ve tematik zirveler d\u00fczenleyece\u011fiz. 4 ana ba\u015fl\u0131\u011f\u0131m\u0131z var asl\u0131nda. Bu ana ba\u015fl\u0131klarda t\u00fcm konular\u0131m\u0131z\u0131 tek tek ele al\u0131p \u015fehrimize ayr\u0131 bir katma de\u011fer olu\u015fturaca\u011f\u0131z. \u0130n\u015fallah yapm\u0131\u015f oldu\u011fumuz 25. Ola\u011fan Genel Kurul\u2019un hay\u0131rlara vesile olmas\u0131n\u0131 diliyorum, te\u015fekk\u00fcr ediyorum&#8221; ifadelerini kulland\u0131.<br \/>\n<br \/>Bilal Sayg\u0131l\u0131 Cami ve K\u00fclliyesi Ertu\u011frul Gazi Konferans Salonu\u2019ndaki genel kurula, \u0130zmir Valisi S\u00fcleyman Elban, AK Parti Genel Ba\u015fkan Yard\u0131mc\u0131s\u0131 Hamza Da\u011f, \u0130zmir Cumhuriyet Ba\u015fsavc\u0131s\u0131 Ali Yeldan, AK Parti \u0130zmir \u0130l Ba\u015fkan\u0131 Bilal Sayg\u0131l\u0131, MHP \u0130zmir \u0130l Ba\u015fkan\u0131 Veysel \u015eahin, Bornova Kaymakam\u0131 Muzaffer \u015eahiner, M\u00dcS\u0130AD \u00fcyeleri ile \u00e7ok say\u0131da davetli kat\u0131ld\u0131.<br \/><\/p>\n","protected":false},"excerpt":{"rendered":"<p>M\u00fcstakil Sanayici ve \u0130\u015fadamlar\u0131 Derne\u011fi (M\u00dcS\u0130AD) \u0130zmir \u015eubesinin 25. Ola\u011fan Genel Kurulu ger\u00e7ekle\u015ftirildi. Manisa\u2019dan d\u00fcnyan\u0131n d\u00f6rt bir yan\u0131na yapt\u0131klar\u0131 ihracatla sekt\u00f6r\u00fcn nabz\u0131n\u0131 tutan Cemar Mermer ve Traverten\u2019in Genel M\u00fcd\u00fcr\u00fc Yusuf Yal\u00e7\u0131n, g\u00fcven tazeleyerek yeniden M\u00dcS\u0130AD \u0130zmir \u015eube Ba\u015fkan\u0131 olarak se\u00e7ilen G\u00f6khan Temur\u2019un y\u00f6netim kurulu listesinde yer ald\u0131. M\u00fcstakil Sanayici ve \u0130\u015fadamlar\u0131 Derne\u011fi (M\u00dcS\u0130AD) \u0130zmir \u015eubesinin&#8230;<\/p>\n","protected":false},"author":1,"featured_media":14177,"comment_status":"open","ping_status":"open","sticky":false,"template":"","format":"standard","meta":{"_crdt_document":"","footnotes":""},"categories":[125],"tags":[],"class_list":["post-14175","post","type-post","status-publish","format-standard","has-post-thumbnail","hentry","category-ekonomi"],"_links":{"self":[{"href":"https:\/\/www.egemtv.com\/index.php?rest_route=\/wp\/v2\/posts\/14175","targetHints":{"allow":["GET"]}}],"collection":[{"href":"https:\/\/www.egemtv.com\/index.php?rest_route=\/wp\/v2\/posts"}],"about":[{"href":"https:\/\/www.egemtv.com\/index.php?rest_route=\/wp\/v2\/types\/post"}],"author":[{"embeddable":true,"href":"https:\/\/www.egemtv.com\/index.php?rest_route=\/wp\/v2\/users\/1"}],"replies":[{"embeddable":true,"href":"https:\/\/www.egemtv.com\/index.php?rest_route=%2Fwp%2Fv2%2Fcomments&post=14175"}],"version-history":[{"count":1,"href":"https:\/\/www.egemtv.com\/index.php?rest_route=\/wp\/v2\/posts\/14175\/revisions"}],"predecessor-version":[{"id":14179,"href":"https:\/\/www.egemtv.com\/index.php?rest_route=\/wp\/v2\/posts\/14175\/revisions\/14179"}],"wp:featuredmedia":[{"embeddable":true,"href":"https:\/\/www.egemtv.com\/index.php?rest_route=\/wp\/v2\/media\/14177"}],"wp:attachment":[{"href":"https:\/\/www.egemtv.com\/index.php?rest_route=%2Fwp%2Fv2%2Fmedia&parent=14175"}],"wp:term":[{"taxonomy":"category","embeddable":true,"href":"https:\/\/www.egemtv.com\/index.php?rest_route=%2Fwp%2Fv2%2Fcategories&post=14175"},{"taxonomy":"post_tag","embeddable":true,"href":"https:\/\/www.egemtv.com\/index.php?rest_route=%2Fwp%2Fv2%2Ftags&post=14175"}],"curies":[{"name":"wp","href":"https:\/\/api.w.org\/{rel}","templated":true}]}}