{"id":14167,"date":"2025-01-31T17:12:03","date_gmt":"2025-01-31T14:12:03","guid":{"rendered":"https:\/\/www.egemtv.com\/?p=14167"},"modified":"2025-01-31T17:12:08","modified_gmt":"2025-01-31T14:12:08","slug":"buyuksehirden-mubadelenin-102-yilinda-anma-etkinligi","status":"publish","type":"post","link":"https:\/\/www.egemtv.com\/?p=14167","title":{"rendered":"B\u00fcy\u00fck\u015fehirden m\u00fcbadelenin 102. y\u0131l\u0131nda anma etkinli\u011fi"},"content":{"rendered":"<p>T\u00fcrkiye ve Yunanistan aras\u0131nda Lozan\u2019da imzalanan Zorunlu N\u00fcfus M\u00fcbadelesi S\u00f6zle\u015fmesi\u2019nin 102. y\u0131l\u0131, Manisa B\u00fcy\u00fck\u015fehir Belediyesi ve Giritliler Derne\u011fi i\u015f birli\u011fiyle d\u00fczenlenen anlaml\u0131 bir etkinlikle an\u0131ld\u0131. Manisa K\u00fclt\u00fcr Merkezi Lale Salonu\u2019nda ger\u00e7ekle\u015fen program, hem tarih bilincini canl\u0131 tutan hem de k\u00fclt\u00fcrel mirasa sahip \u00e7\u0131kmay\u0131 ama\u00e7layan sergi ve konser etkinlikleriyle kat\u0131l\u0131mc\u0131lara duygu dolu anlar ya\u015fatt\u0131.<br \/>\n<br \/>Manisa B\u00fcy\u00fck\u015fehir Belediyesi K\u00fclt\u00fcr ve Sosyal \u0130\u015fler Dairesi ile Giritliler Derne\u011fi\u2019nin i\u015f birli\u011fiyle hayata ge\u00e7irilen etkinlik, m\u00fcbadele ile g\u00f6\u00e7 etmek zorunda kalanlar\u0131n hik\u00e2yelerini, ya\u015fad\u0131klar\u0131 zorluklar\u0131 ve yanlar\u0131nda getirdikleri k\u00fclt\u00fcrel zenginlikleri bir kez daha g\u00fcndeme ta\u015f\u0131d\u0131. T\u00fcrkiye ve Yunanistan aras\u0131nda imzalanan 1923 Lozan M\u00fcbadelesi ile binlerce insan\u0131n yer de\u011fi\u015ftirmek zorunda kald\u0131\u011f\u0131 bu tarihi olay, yaln\u0131zca bir n\u00fcfus hareketi de\u011fil, ayn\u0131 zamanda iki \u00fclke halklar\u0131n\u0131n ortak tarihine damga vuran \u00f6nemli bir d\u00f6n\u00fcm noktas\u0131 olarak de\u011ferlendiriliyor.<br \/>\n<br \/>Manisa B\u00fcy\u00fck\u015fehir Belediyesi, m\u00fcbadelenin sadece bir g\u00f6\u00e7 hik\u00e2yesi de\u011fil, ayn\u0131 zamanda Anadolu\u2019nun k\u00fclt\u00fcrel dokusunu \u015fekillendiren b\u00fcy\u00fck bir d\u00f6n\u00fc\u015f\u00fcm oldu\u011funu vurgulayarak, bu t\u00fcr etkinliklerle ge\u00e7mi\u015fin izlerini gelecek nesillere aktarmaya devam ediyor.  Bu kapsamda d\u00fczenlenen konser ve foto\u011fraf sergisi, bir as\u0131rl\u0131k ge\u00e7mi\u015fe \u0131\u015f\u0131k tuttu. Sergide, m\u00fcbadele d\u00f6nemine ait tarihi belgeler, g\u00f6\u00e7 eden ailelerin foto\u011fraflar\u0131 ve o d\u00f6neme ait \u00e7e\u015fitli e\u015fyalar yer ald\u0131. Ziyaret\u00e7iler, sergi arac\u0131l\u0131\u011f\u0131yla ge\u00e7mi\u015fin izlerini s\u00fcrerek, m\u00fcbadelenin bireyler ve toplum \u00fczerindeki etkisini daha yak\u0131ndan hissetme f\u0131rsat\u0131 buldu. \u2018Y\u00fczy\u0131ll\u0131k ge\u00e7mi\u015fe yolculuk\u2019 sergisi 2 \u015eubat\u2019a kadar vatanda\u015flar\u0131 a\u011f\u0131rlamaya devam edecek. Manisa K\u00fclt\u00fcr Merkezi Lale Salonu\u2019nda d\u00fczenlenen programa, Yunusemre Belediye Ba\u015fkan Yard\u0131mc\u0131s\u0131 Mehmet Mesut Do\u011fan, Manisa B\u00fcy\u00fck\u015fehir Belediyesi Kent Konseyi \u015eube M\u00fcd\u00fcr Vekili Ahmet Ka\u015f, Manisa Giritliler Derne\u011fi Ba\u015fkan\u0131 G\u00fclseren Toker, dernek \u00fcyeleri ve \u00e7ok say\u0131da vatanda\u015f kat\u0131ld\u0131.<br \/>\n<br \/>T\u00fcrk-Yunan ortak k\u00fclt\u00fcr\u00fcne dair \u00e7al\u0131\u015fmalar\u0131 ve eserleriyle tan\u0131nan, Uluslararas\u0131 K\u00fclt\u00fcrel K\u00f6pr\u00fcler Vakf\u0131\u2019n\u0131n kurucu \u00fcyesi Evrim Ate\u015fler, serginin ard\u0131ndan bir konser verdi. \u00dcnl\u00fc sanat\u00e7\u0131 Ate\u015fler ve m\u00fczisyenler, g\u00fc\u00e7l\u00fc sesi ve etkileyici yorumlar\u0131yla dinleyicilere T\u00fcrk-Yunan ortak k\u00fclt\u00fcr\u00fcne dair eserler sunarak m\u00fczikle \u00f6r\u00fclm\u00fc\u015f bir tarih yolculu\u011fu ya\u015fatt\u0131. Sanat\u00e7\u0131n\u0131n seslendirdi\u011fi Rumeli ve Girit ezgileri, m\u00fcbadelenin yaln\u0131zca bir g\u00f6\u00e7 s\u00fcreci olmad\u0131\u011f\u0131n\u0131, ayn\u0131 zamanda halklar\u0131n ortak duygular\u0131n\u0131 ve k\u00fclt\u00fcrel ba\u011flar\u0131n\u0131 koruyan bir miras oldu\u011funu bir kez daha hat\u0131rlatt\u0131.<br \/>\n<br \/>Manisa B\u00fcy\u00fck\u015fehir Belediyesi yetkilileri, bu t\u00fcr etkinliklerin hem tarihi haf\u0131zay\u0131 canl\u0131 tutma hem de toplumsal dayan\u0131\u015fmay\u0131 art\u0131rma noktas\u0131nda \u00f6nemli oldu\u011funu belirterek, Manisa\u2019n\u0131n \u00e7ok k\u00fclt\u00fcrl\u00fc kimli\u011fine ve m\u00fcbadelenin bu kimlik i\u00e7indeki yerine her zaman sahip \u00e7\u0131kacaklar\u0131n\u0131 vurgulad\u0131.<br \/><\/p>\n","protected":false},"excerpt":{"rendered":"<p>T\u00fcrkiye ve Yunanistan aras\u0131nda Lozan\u2019da imzalanan Zorunlu N\u00fcfus M\u00fcbadelesi S\u00f6zle\u015fmesi\u2019nin 102. y\u0131l\u0131, Manisa B\u00fcy\u00fck\u015fehir Belediyesi ve Giritliler Derne\u011fi i\u015f birli\u011fiyle d\u00fczenlenen anlaml\u0131 bir etkinlikle an\u0131ld\u0131. Manisa K\u00fclt\u00fcr Merkezi Lale Salonu\u2019nda ger\u00e7ekle\u015fen program, hem tarih bilincini canl\u0131 tutan hem de k\u00fclt\u00fcrel mirasa sahip \u00e7\u0131kmay\u0131 ama\u00e7layan sergi ve konser etkinlikleriyle kat\u0131l\u0131mc\u0131lara duygu dolu anlar ya\u015fatt\u0131. Manisa B\u00fcy\u00fck\u015fehir&#8230;<\/p>\n","protected":false},"author":1,"featured_media":14168,"comment_status":"open","ping_status":"open","sticky":false,"template":"","format":"standard","meta":{"_crdt_document":"","footnotes":""},"categories":[1],"tags":[],"class_list":["post-14167","post","type-post","status-publish","format-standard","has-post-thumbnail","hentry","category-guncel"],"_links":{"self":[{"href":"https:\/\/www.egemtv.com\/index.php?rest_route=\/wp\/v2\/posts\/14167","targetHints":{"allow":["GET"]}}],"collection":[{"href":"https:\/\/www.egemtv.com\/index.php?rest_route=\/wp\/v2\/posts"}],"about":[{"href":"https:\/\/www.egemtv.com\/index.php?rest_route=\/wp\/v2\/types\/post"}],"author":[{"embeddable":true,"href":"https:\/\/www.egemtv.com\/index.php?rest_route=\/wp\/v2\/users\/1"}],"replies":[{"embeddable":true,"href":"https:\/\/www.egemtv.com\/index.php?rest_route=%2Fwp%2Fv2%2Fcomments&post=14167"}],"version-history":[{"count":1,"href":"https:\/\/www.egemtv.com\/index.php?rest_route=\/wp\/v2\/posts\/14167\/revisions"}],"predecessor-version":[{"id":14172,"href":"https:\/\/www.egemtv.com\/index.php?rest_route=\/wp\/v2\/posts\/14167\/revisions\/14172"}],"wp:featuredmedia":[{"embeddable":true,"href":"https:\/\/www.egemtv.com\/index.php?rest_route=\/wp\/v2\/media\/14168"}],"wp:attachment":[{"href":"https:\/\/www.egemtv.com\/index.php?rest_route=%2Fwp%2Fv2%2Fmedia&parent=14167"}],"wp:term":[{"taxonomy":"category","embeddable":true,"href":"https:\/\/www.egemtv.com\/index.php?rest_route=%2Fwp%2Fv2%2Fcategories&post=14167"},{"taxonomy":"post_tag","embeddable":true,"href":"https:\/\/www.egemtv.com\/index.php?rest_route=%2Fwp%2Fv2%2Ftags&post=14167"}],"curies":[{"name":"wp","href":"https:\/\/api.w.org\/{rel}","templated":true}]}}