{"id":14161,"date":"2025-01-31T17:11:57","date_gmt":"2025-01-31T14:11:57","guid":{"rendered":"https:\/\/www.egemtv.com\/?p=14161"},"modified":"2025-01-31T17:12:02","modified_gmt":"2025-01-31T14:12:02","slug":"gladyatorler-sehri-stratonikeia-ilber-ortayli-ve-celal-sengoru-agirlayacak","status":"publish","type":"post","link":"https:\/\/www.egemtv.com\/?p=14161","title":{"rendered":"Gladyat\u00f6rler \u015fehri Stratonikeia \u0130lber Ortayl\u0131 ve Celal \u015eeng\u00f6r\u2019\u00fc a\u011f\u0131rlayacak"},"content":{"rendered":"<p>Mu\u011fla B\u00fcy\u00fck\u015fehir Belediyesi taraf\u0131ndan d\u00fczenlenen \u2018Stratonikeia Gladyat\u00f6rleri\u2019 belgeselinin \u00f6zel g\u00f6sterimi, 3 \u015eubat 2025\u2019te Gazi Mustafa Kemal Atat\u00fcrk K\u00fclt\u00fcr Merkezi\u2019nde ger\u00e7ekle\u015ftirilecek.<br \/>\n<br \/>T\u00fcrkiye\u2019nin \u00f6nemli tarih\u00e7ilerinden Prof. Dr. \u0130lber Ortayl\u0131 ve Prof. Dr. Celal \u015eeng\u00f6r\u2019\u00fcn kat\u0131l\u0131m\u0131yla Mu\u011fla B\u00fcy\u00fck\u015fehir Belediyesi taraf\u0131ndan d\u00fczenlenecek olan etkinlik, Stratonikeia Antik Kenti\u2019nin zengin tarihine \u0131\u015f\u0131k tutacak.<br \/>\n<br \/>Mu\u011fla B\u00fcy\u00fck\u015fehir Belediyesi taraf\u0131ndan desteklenen bu \u00f6nemli organizasyon, tarihe ilgi duyan herkesi Stratonikeia\u2019n\u0131n b\u00fcy\u00fcleyici d\u00fcnyas\u0131na davet ediyor. G\u00fcn boyu s\u00fcrecek program kapsam\u0131nda, ilk olarak saat 15:30\u2019da Prof. Dr. \u0130lber Ortayl\u0131 ve Prof. Dr. Celal \u015eeng\u00f6r\u2019\u00fcn kat\u0131l\u0131m\u0131yla Stratonikeia gezisi d\u00fczenlenecek. Mu\u011fla B\u00fcy\u00fck\u015fehir Belediye Ba\u015fkan\u0131 Ahmet Aras\u2019\u0131n ev sahipli\u011finde d\u00fczenlenecek olan \u2018Gladyat\u00f6rlerin Yurdu Stratonikeia\u2019da Tarihi Yolculuk\u2019 program\u0131na Vali Dr. \u0130dris Aykb\u0131y\u0131k\u2019\u0131n da kat\u0131lmas\u0131 bekleniyor. Programda ayr\u0131ca Stratonikeia ve Lagina Kaz\u0131s\u0131 Ba\u015fkan\u0131 Prof Dr. Bilal S\u00f6\u011f\u00fct ve MUTSO Meclis Ba\u015fkan Yard\u0131mc\u0131s\u0131 Melike Alpay da konu\u015fmac\u0131 olarak yer alacak.<br \/>\n<br \/>Konu\u015fmalar\u0131n ard\u0131ndan, belgeselin haz\u0131rl\u0131k s\u00fcreci anlat\u0131lacak. Saat 18:45\u2019te ise yapay zek\u00e2 kullan\u0131larak haz\u0131rlanan &#8220;Stratonikeia Gladyat\u00f6rleri&#8221; belgeseli izleyicilerle bulu\u015facak. Program\u0131n son b\u00f6l\u00fcm\u00fcnde, Prof. Dr. \u0130lber Ortayl\u0131 ve Prof. Dr. Celal \u015eeng\u00f6r, Stratonikeia\u2019n\u0131n tarihi \u00fczerine s\u00f6yle\u015fi ger\u00e7ekle\u015ftirecek ve izleyicilerin sorular\u0131n\u0131 cevaplayacak.<br \/><\/p>\n","protected":false},"excerpt":{"rendered":"<p>Mu\u011fla B\u00fcy\u00fck\u015fehir Belediyesi taraf\u0131ndan d\u00fczenlenen \u2018Stratonikeia Gladyat\u00f6rleri\u2019 belgeselinin \u00f6zel g\u00f6sterimi, 3 \u015eubat 2025\u2019te Gazi Mustafa Kemal Atat\u00fcrk K\u00fclt\u00fcr Merkezi\u2019nde ger\u00e7ekle\u015ftirilecek. T\u00fcrkiye\u2019nin \u00f6nemli tarih\u00e7ilerinden Prof. Dr. \u0130lber Ortayl\u0131 ve Prof. Dr. Celal \u015eeng\u00f6r\u2019\u00fcn kat\u0131l\u0131m\u0131yla Mu\u011fla B\u00fcy\u00fck\u015fehir Belediyesi taraf\u0131ndan d\u00fczenlenecek olan etkinlik, Stratonikeia Antik Kenti\u2019nin zengin tarihine \u0131\u015f\u0131k tutacak. Mu\u011fla B\u00fcy\u00fck\u015fehir Belediyesi taraf\u0131ndan desteklenen bu \u00f6nemli organizasyon,&#8230;<\/p>\n","protected":false},"author":1,"featured_media":14162,"comment_status":"open","ping_status":"open","sticky":false,"template":"","format":"standard","meta":{"_crdt_document":"","footnotes":""},"categories":[1],"tags":[],"class_list":["post-14161","post","type-post","status-publish","format-standard","has-post-thumbnail","hentry","category-guncel"],"_links":{"self":[{"href":"https:\/\/www.egemtv.com\/index.php?rest_route=\/wp\/v2\/posts\/14161","targetHints":{"allow":["GET"]}}],"collection":[{"href":"https:\/\/www.egemtv.com\/index.php?rest_route=\/wp\/v2\/posts"}],"about":[{"href":"https:\/\/www.egemtv.com\/index.php?rest_route=\/wp\/v2\/types\/post"}],"author":[{"embeddable":true,"href":"https:\/\/www.egemtv.com\/index.php?rest_route=\/wp\/v2\/users\/1"}],"replies":[{"embeddable":true,"href":"https:\/\/www.egemtv.com\/index.php?rest_route=%2Fwp%2Fv2%2Fcomments&post=14161"}],"version-history":[{"count":1,"href":"https:\/\/www.egemtv.com\/index.php?rest_route=\/wp\/v2\/posts\/14161\/revisions"}],"predecessor-version":[{"id":14166,"href":"https:\/\/www.egemtv.com\/index.php?rest_route=\/wp\/v2\/posts\/14161\/revisions\/14166"}],"wp:featuredmedia":[{"embeddable":true,"href":"https:\/\/www.egemtv.com\/index.php?rest_route=\/wp\/v2\/media\/14162"}],"wp:attachment":[{"href":"https:\/\/www.egemtv.com\/index.php?rest_route=%2Fwp%2Fv2%2Fmedia&parent=14161"}],"wp:term":[{"taxonomy":"category","embeddable":true,"href":"https:\/\/www.egemtv.com\/index.php?rest_route=%2Fwp%2Fv2%2Fcategories&post=14161"},{"taxonomy":"post_tag","embeddable":true,"href":"https:\/\/www.egemtv.com\/index.php?rest_route=%2Fwp%2Fv2%2Ftags&post=14161"}],"curies":[{"name":"wp","href":"https:\/\/api.w.org\/{rel}","templated":true}]}}