{"id":14158,"date":"2025-01-31T17:11:53","date_gmt":"2025-01-31T14:11:53","guid":{"rendered":"https:\/\/www.egemtv.com\/?p=14158"},"modified":"2025-01-31T17:11:57","modified_gmt":"2025-01-31T14:11:57","slug":"mentese-belediyesi-ikiz-sehirler-programina-kabul-edildi-2","status":"publish","type":"post","link":"https:\/\/www.egemtv.com\/?p=14158","title":{"rendered":"Mente\u015fe Belediyesi \u2018\u0130kiz \u015eehirler\u2019 program\u0131na kabul edildi"},"content":{"rendered":"<p>Mente\u015fe Belediyesi \u2018Eri\u015filebilir ve Temiz Enerji\u2019 hedefiyle haz\u0131rlanan Avrupa Birli\u011fi &#8220;Netzerocities&#8221; \u0130kiz \u015eehirler \u00d6\u011frenme Program\u0131\u2019na kabul edildi. Mente\u015fe Belediyesi, program kapsam\u0131nda se\u00e7ilen T\u00fcrkiye\u2019deki 3, Avrupa\u2019daki 24 \u015fehirden biri olarak Arnavutluk\u2019un Elbasan \u015fehri ile e\u015fle\u015ftirildi.<br \/>\n<br \/>Program, Avrupa Birli\u011fi taraf\u0131ndan Avrupa\u2019daki \u015fehirlerin 2050 y\u0131l\u0131na kadar karbon n\u00f6tr olma hedeflerine ula\u015fmas\u0131n\u0131 desteklemek amac\u0131yla olu\u015fturuldu. 17 ay s\u00fcrecek bu program \u00e7er\u00e7evesinde, Elbasan Belediyesi ve Elbasan Kentsel Ara\u015ft\u0131rma Enstit\u00fcs\u00fc taraf\u0131ndan y\u00fcr\u00fct\u00fclen Elbasan Binalar\u0131nda Ye\u015fil ve S\u00fcrd\u00fcr\u00fclebilir Enerji d\u00f6n\u00fc\u015f\u00fcm projeleri incelenecek. \u0130klim de\u011fi\u015fikli\u011fine uyum ve azalt\u0131m konusunda yol haritas\u0131 belirlenerek, yenilik\u00e7i stratejiler geli\u015ftirilecek ve s\u00fcrd\u00fcr\u00fclebilir enerji uygulamalar\u0131 Mente\u015fe\u2019ye uyarlanacak.<br \/>\n<br \/>Mente\u015fe Belediye Ba\u015fkan\u0131, \u015eehir Planc\u0131s\u0131 Gonca K\u00f6ksal konuyla ilgili a\u00e7\u0131klamas\u0131nda \u015funlar\u0131 s\u00f6yledi; &#8220;Mente\u015fe Belediyesi olarak A\u00e7\u0131k Kent Politikalar\u0131 kapsam\u0131nda \u2018Eri\u015filebilir ve Temiz Enerji\u2019 hedefiyle haz\u0131rlad\u0131\u011f\u0131m\u0131z proje ile Avrupa Birli\u011fi \u2018Netzerocities\u2019 \u0130kiz \u015eehirler \u00d6\u011frenme Program\u0131\u2019na kabul edildik. Programa kabul edilen T\u00fcrkiye\u2019deki 3, Avrupa\u2019daki 24 \u015fehirden biri olarak Elbasan ile e\u015fle\u015ftirildik. Bu program sayesinde kentimizin iklim de\u011fi\u015fikli\u011fine uyumu ve karbon azalt\u0131m\u0131 konusunda Avrupa Birli\u011fi standartlar\u0131n\u0131 hayata ge\u00e7irmeyi ama\u00e7l\u0131yoruz. Ayn\u0131 zamanda, kendi \u00e7al\u0131\u015fmalar\u0131m\u0131z\u0131 da payla\u015facak, bilgi ve tecr\u00fcbe aktar\u0131m\u0131yla en iyi uygulamalar\u0131 kentimize adapte edece\u011fiz. Bilgi al\u0131\u015fveri\u015fi ve saha ziyaretleriyle en g\u00fcncel ve en verimli uygulamalar\u0131 \u00f6\u011frenecek, AB standartlar\u0131na uygun yenilik\u00e7i \u015fehircilik uygulamalar\u0131yla kentimizin uluslararas\u0131 g\u00f6r\u00fcn\u00fcrl\u00fc\u011f\u00fcn\u00fc de art\u0131raca\u011f\u0131z. Bu program ile sadece kentimizin de\u011fil, gelecek nesillerin de ya\u015fam kalitesini art\u0131rmay\u0131 hedefliyoruz. Mente\u015fe\u2019yi s\u00fcrd\u00fcr\u00fclebilir bir gelecek vizyonuyla daha ya\u015fanabilir bir \u015fehir haline getirmek i\u00e7in \u00e7al\u0131\u015fmaya devam ediyoruz&#8221;<br \/><\/p>\n","protected":false},"excerpt":{"rendered":"<p>Mente\u015fe Belediyesi \u2018Eri\u015filebilir ve Temiz Enerji\u2019 hedefiyle haz\u0131rlanan Avrupa Birli\u011fi &#8220;Netzerocities&#8221; \u0130kiz \u015eehirler \u00d6\u011frenme Program\u0131\u2019na kabul edildi. Mente\u015fe Belediyesi, program kapsam\u0131nda se\u00e7ilen T\u00fcrkiye\u2019deki 3, Avrupa\u2019daki 24 \u015fehirden biri olarak Arnavutluk\u2019un Elbasan \u015fehri ile e\u015fle\u015ftirildi. Program, Avrupa Birli\u011fi taraf\u0131ndan Avrupa\u2019daki \u015fehirlerin 2050 y\u0131l\u0131na kadar karbon n\u00f6tr olma hedeflerine ula\u015fmas\u0131n\u0131 desteklemek amac\u0131yla olu\u015fturuldu. 17 ay s\u00fcrecek bu&#8230;<\/p>\n","protected":false},"author":1,"featured_media":14159,"comment_status":"open","ping_status":"open","sticky":false,"template":"","format":"standard","meta":{"_crdt_document":"","footnotes":""},"categories":[1],"tags":[],"class_list":["post-14158","post","type-post","status-publish","format-standard","has-post-thumbnail","hentry","category-guncel"],"_links":{"self":[{"href":"https:\/\/www.egemtv.com\/index.php?rest_route=\/wp\/v2\/posts\/14158","targetHints":{"allow":["GET"]}}],"collection":[{"href":"https:\/\/www.egemtv.com\/index.php?rest_route=\/wp\/v2\/posts"}],"about":[{"href":"https:\/\/www.egemtv.com\/index.php?rest_route=\/wp\/v2\/types\/post"}],"author":[{"embeddable":true,"href":"https:\/\/www.egemtv.com\/index.php?rest_route=\/wp\/v2\/users\/1"}],"replies":[{"embeddable":true,"href":"https:\/\/www.egemtv.com\/index.php?rest_route=%2Fwp%2Fv2%2Fcomments&post=14158"}],"version-history":[{"count":1,"href":"https:\/\/www.egemtv.com\/index.php?rest_route=\/wp\/v2\/posts\/14158\/revisions"}],"predecessor-version":[{"id":14163,"href":"https:\/\/www.egemtv.com\/index.php?rest_route=\/wp\/v2\/posts\/14158\/revisions\/14163"}],"wp:featuredmedia":[{"embeddable":true,"href":"https:\/\/www.egemtv.com\/index.php?rest_route=\/wp\/v2\/media\/14159"}],"wp:attachment":[{"href":"https:\/\/www.egemtv.com\/index.php?rest_route=%2Fwp%2Fv2%2Fmedia&parent=14158"}],"wp:term":[{"taxonomy":"category","embeddable":true,"href":"https:\/\/www.egemtv.com\/index.php?rest_route=%2Fwp%2Fv2%2Fcategories&post=14158"},{"taxonomy":"post_tag","embeddable":true,"href":"https:\/\/www.egemtv.com\/index.php?rest_route=%2Fwp%2Fv2%2Ftags&post=14158"}],"curies":[{"name":"wp","href":"https:\/\/api.w.org\/{rel}","templated":true}]}}