{"id":14151,"date":"2025-01-31T17:11:46","date_gmt":"2025-01-31T14:11:46","guid":{"rendered":"https:\/\/www.egemtv.com\/?p=14151"},"modified":"2025-01-31T17:11:52","modified_gmt":"2025-01-31T14:11:52","slug":"pazarcilar-istedi-baskan-koksal-yapti-2","status":"publish","type":"post","link":"https:\/\/www.egemtv.com\/?p=14151","title":{"rendered":"Pazarc\u0131lar istedi, Ba\u015fkan K\u00f6ksal yapt\u0131"},"content":{"rendered":"<p>Mente\u015fe Belediye Ba\u015fkan\u0131 \u015eehir Planc\u0131s\u0131 Gonca K\u00f6ksal, ge\u00e7ti\u011fimiz hafta ger\u00e7ekle\u015ftirdi\u011fi halk ziyaretleri kapsam\u0131nda Per\u015fembe Pazar\u0131\u2019nda esnaf ve \u00fcreticilerle bir araya gelerek taleplerini dinledi. Gelen istekler \u00fczerine hemen harekete ge\u00e7en Ba\u015fkan K\u00f6ksal, belediye ekiplerine talimat vererek pazar yerinde bak\u0131m ve yenileme \u00e7al\u0131\u015fmalar\u0131n\u0131 ba\u015flatt\u0131.<br \/>\n<br \/>Ba\u015fkan K\u00f6ksal, Per\u015fembe Pazar\u0131\u2019n\u0131n b\u00f6lgenin en b\u00fcy\u00fck pazar\u0131 oldu\u011funu ve \u00fcretim kapasitesiyle b\u00f6lge ekonomisinin can damar\u0131 niteli\u011fi ta\u015f\u0131d\u0131\u011f\u0131n\u0131 vurgulayarak \u015funlar\u0131 s\u00f6yledi:<br \/>\n<br \/>&#8220;Ge\u00e7ti\u011fimiz hafta pazar ziyaretimizde i\u015fyeri sahiplerinin, esnaf ve pazarc\u0131lar\u0131m\u0131z\u0131n taleplerini dinledik. Vatanda\u015flar\u0131m\u0131z\u0131n g\u00fcvenli ve modern bir ortamda al\u0131\u015fveri\u015f yapabilmesi i\u00e7in gerekli \u00e7al\u0131\u015fmalar\u0131 h\u0131zla ba\u015flatt\u0131k. Bu kapsamda ekiplerimiz, pazar yerindeki ya\u011fmur oluklar\u0131n\u0131 yeniliyor, eksik b\u00f6lgelere bord\u00fcr ta\u015flar\u0131 d\u00f6\u015f\u00fcyor ve esnaf\u0131n s\u0131n\u0131r \u00e7izgilerini g\u00fcncelliyor. Ayr\u0131ca, pazar\u0131n ayd\u0131nlatma ve elektrik sistemini de elden ge\u00e7iriyoruz. Mente\u015fe\u2019yi daha ya\u015fanabilir ve \u00e7a\u011fda\u015f bir kent haline getirmek i\u00e7in \u00e7al\u0131\u015fmalar\u0131m\u0131z\u0131 s\u00fcrd\u00fcrece\u011fiz&#8221;<br \/><\/p>\n","protected":false},"excerpt":{"rendered":"<p>Mente\u015fe Belediye Ba\u015fkan\u0131 \u015eehir Planc\u0131s\u0131 Gonca K\u00f6ksal, ge\u00e7ti\u011fimiz hafta ger\u00e7ekle\u015ftirdi\u011fi halk ziyaretleri kapsam\u0131nda Per\u015fembe Pazar\u0131\u2019nda esnaf ve \u00fcreticilerle bir araya gelerek taleplerini dinledi. Gelen istekler \u00fczerine hemen harekete ge\u00e7en Ba\u015fkan K\u00f6ksal, belediye ekiplerine talimat vererek pazar yerinde bak\u0131m ve yenileme \u00e7al\u0131\u015fmalar\u0131n\u0131 ba\u015flatt\u0131. Ba\u015fkan K\u00f6ksal, Per\u015fembe Pazar\u0131\u2019n\u0131n b\u00f6lgenin en b\u00fcy\u00fck pazar\u0131 oldu\u011funu ve \u00fcretim kapasitesiyle b\u00f6lge&#8230;<\/p>\n","protected":false},"author":1,"featured_media":14153,"comment_status":"open","ping_status":"open","sticky":false,"template":"","format":"standard","meta":{"_crdt_document":"","footnotes":""},"categories":[1],"tags":[],"class_list":["post-14151","post","type-post","status-publish","format-standard","has-post-thumbnail","hentry","category-guncel"],"_links":{"self":[{"href":"https:\/\/www.egemtv.com\/index.php?rest_route=\/wp\/v2\/posts\/14151","targetHints":{"allow":["GET"]}}],"collection":[{"href":"https:\/\/www.egemtv.com\/index.php?rest_route=\/wp\/v2\/posts"}],"about":[{"href":"https:\/\/www.egemtv.com\/index.php?rest_route=\/wp\/v2\/types\/post"}],"author":[{"embeddable":true,"href":"https:\/\/www.egemtv.com\/index.php?rest_route=\/wp\/v2\/users\/1"}],"replies":[{"embeddable":true,"href":"https:\/\/www.egemtv.com\/index.php?rest_route=%2Fwp%2Fv2%2Fcomments&post=14151"}],"version-history":[{"count":1,"href":"https:\/\/www.egemtv.com\/index.php?rest_route=\/wp\/v2\/posts\/14151\/revisions"}],"predecessor-version":[{"id":14157,"href":"https:\/\/www.egemtv.com\/index.php?rest_route=\/wp\/v2\/posts\/14151\/revisions\/14157"}],"wp:featuredmedia":[{"embeddable":true,"href":"https:\/\/www.egemtv.com\/index.php?rest_route=\/wp\/v2\/media\/14153"}],"wp:attachment":[{"href":"https:\/\/www.egemtv.com\/index.php?rest_route=%2Fwp%2Fv2%2Fmedia&parent=14151"}],"wp:term":[{"taxonomy":"category","embeddable":true,"href":"https:\/\/www.egemtv.com\/index.php?rest_route=%2Fwp%2Fv2%2Fcategories&post=14151"},{"taxonomy":"post_tag","embeddable":true,"href":"https:\/\/www.egemtv.com\/index.php?rest_route=%2Fwp%2Fv2%2Ftags&post=14151"}],"curies":[{"name":"wp","href":"https:\/\/api.w.org\/{rel}","templated":true}]}}